{"id":41685,"date":"2021-04-20T09:47:27","date_gmt":"2021-04-20T07:47:27","guid":{"rendered":"https:\/\/dev.vegconom.de\/germany\/?p=41685"},"modified":"2021-04-20T12:10:30","modified_gmt":"2021-04-20T10:10:30","slug":"aenderungsantrag-zur-zensur-pflanzlicher-lebensmittel-diskussion-der-eu-institutionen-startet-am-21-april","status":"publish","type":"post","link":"https:\/\/dev.vegconom.de\/germany\/politik-gesellschaft\/aenderungsantrag-zur-zensur-pflanzlicher-lebensmittel-diskussion-der-eu-institutionen-startet-am-21-april\/","title":{"rendered":"\u00c4nderungsantrag zur Zensur pflanzlicher Lebensmittel: Diskussion der EU-Institutionen startet am 21. April"},"content":{"rendered":"<p style=\"text-align: center;\"><strong>\u00dcber 435.000 Verbraucher haben die Petition von ProVeg, Upfield und Oatly gegen den klimafeindlichen \u00c4nderungsantrag 171 unterzeichnet<\/strong><\/p>\n<p>Diese Woche markiert einen entscheidenden Wendepunkt f\u00fcr eine gesunde, nachhaltige Ern\u00e4hrung in Europa. <a href=\"https:\/\/stopam171.com\/de\/\" target=\"_blank\" rel=\"noopener\">\u00c4nderungsantrag 171<\/a> \u2013 der Gesetzesentwurf zur Einf\u00fchrung strenger neuer Beschr\u00e4nkungen f\u00fcr pflanzliche Lebensmittel, der 2018 vom AGRI-Ausschuss des Europ\u00e4ischen Parlaments vorgeschlagen wurde \u2013 steht zur Diskussion. <!--more--><\/p>\n<p>Am 21. April beginnen die Trilog-Verhandlungen des Europ\u00e4ischen Parlaments, der Kommission und des Ministerrats, bei denen verschiedene Themen im Rahmen der Gemeinsamen Marktorganisation f\u00fcr landwirtschaftliche Erzeugnisse (GMO) besprochen werden. Der \u00c4nderungsantrag wurde nicht dem Prozess der \u00f6ffentlichen Pr\u00fcfung durch eine Folgenabsch\u00e4tzung oder eine offene Konsultation unterzogen, und jetzt <a href=\"https:\/\/dev.vegconom.de\/germany\/politik\/klimafeindlicher-aenderungsantrag-der-eu-pflanzlicher-sektor-kaempft-gegen-zensur-von-pflanzenbasierten-alternativen\/\">fordern Verbraucher und der pflanzliche Sektor<\/a>, dass ihre Stimmen geh\u00f6rt werden. Und diese Stimmen sind besonders wichtig, da allein der pflanzliche Sektor von dieser Regulierung betroffen sein wird.<\/p><div class=\"vegco-after-3rd-paragraph-in-content-desktop-only\" style=\"margin-top: 20px;margin-bottom: 45px;\" id=\"vegco-2614443377\">        <div class=\"sponsored-post-container advadgroup\" style=\"margin-top: 12px; margin-bottom: 45px;\">\r\n            <p style=\"border-bottom: solid #333 2px; padding-bottom: 5px; font-weight: 900; font-size: 16px;\">Sponsored<\/p>\r\n                            <div class=\"preview-inside-article\">\r\n                    <div class=\"post-image\">\r\n                        <a style=\" text-decoration: none;\" href=\"https:\/\/dev.vegconom.de\/germany\/stellenanzeigen\/mediaberater-m-w-d-gesucht-20-30-stunden-woche\/\">\r\n                                                    <\/a>\r\n                    <\/div>\r\n                    <div class=\"entry-header\">\r\n                        <a\r\n                            style=\"color: #333; font-size:18px!important; text-decoration: none;\" href=\"https:\/\/dev.vegconom.de\/germany\/stellenanzeigen\/mediaberater-m-w-d-gesucht-20-30-stunden-woche\/\">\r\n                            Mediaberater (m\/w\/d) gesucht (20-30 Stunden\/Woche)                        <\/a>\r\n                    <\/div>\r\n                <\/div>\r\n                        <\/div>\r\n        <\/div>\n<p>Der folgenschwere \u00c4nderungsantrag 171 wird von zahlreichen Interessensvertretern weitgehend abgelehnt, darunter:<\/p>\n<ul>\n<li>\u00dcber 435.000 Unterzeichner, die eine <a href=\"https:\/\/zucker-kommunikation.us14.list-manage.com\/track\/click?u=d2f59b946fcf435109c9b0912&amp;id=8078ad6f4f&amp;e=d75a62d13c\" target=\"_blank\" rel=\"noopener\">\u00f6ffentliche Petition<\/a> von ProVeg, Upfield und Oatly unterschrieben haben, unterst\u00fctzt von 96 weiteren Organisationen;&nbsp;<\/li>\n<li>21 Nichtregierungsorganisationen, darunter der WWF und Greenpeace in einem <a href=\"https:\/\/zucker-kommunikation.us14.list-manage.com\/track\/click?u=d2f59b946fcf435109c9b0912&amp;id=c6a911e727&amp;e=d75a62d13c\" target=\"_blank\" rel=\"noopener\">offenen Brief<\/a>;<\/li>\n<li>Vertreter der Milchwirtschaft, darunter der Vorstandsvorsitzende von Berglandmilch, der gr\u00f6\u00dften \u00f6sterreichischen Molkereigenossenschaft mit \u00fcber 11.000 Mitgliedern, der sich in der <a href=\"https:\/\/www.pressreader.com\/austria\/salzburger-nachrichten\/20210224\/281749862074346\" target=\"_blank\" rel=\"noopener\">Presse<\/a> gegen den \u00c4nderungsantrag ausgesprochen hat;<\/li>\n<li>Die CECU (Confederaci\u00f3n de Consumidores y Usuarios), Verband der VerbraucherInnen und NutzerInnen;<\/li>\n<li>34 Mitglieder des Europ\u00e4ischen Parlaments in einem <a href=\"https:\/\/www.franciscoguerreiro.eu\/files\/noticia_997_1631729355.pdf\" target=\"_blank\" rel=\"noopener\">Brief<\/a>;<\/li>\n<li>Die Europ\u00e4ische Verbraucherorganisation (BEUC), die sich letztes Jahr <a href=\"https:\/\/zucker-kommunikation.us14.list-manage.com\/track\/click?u=d2f59b946fcf435109c9b0912&amp;id=b702988b42&amp;e=d75a62d13c\" target=\"_blank\" rel=\"noopener\">schriftlich an die Europaabgeordneten<\/a> gewandt hat, da sie keine Rechtfertigung f\u00fcr die Einf\u00fchrung einer solchen Gesetzgebung sieht;<\/li>\n<li>Eine branchen\u00fcbergreifende Gruppe von 94 Lebensmittelunternehmen und NGOs in einem <a href=\"https:\/\/zucker-kommunikation.us14.list-manage.com\/track\/click?u=d2f59b946fcf435109c9b0912&amp;id=2a48716a5e&amp;e=d75a62d13c\" target=\"_blank\" rel=\"noopener\">offenen Brief.<\/a>\n<p><figure id=\"attachment_40103\" aria-describedby=\"caption-attachment-40103\" style=\"width: 668px\" class=\"wp-caption aligncenter\"><img loading=\"lazy\" decoding=\"async\" class=\"wp-image-40103 size-full\" src=\"https:\/\/dev.vegconom.de\/germany\/wp-content\/uploads\/sites\/2\/oatly-1.png\" alt=\"\" width=\"678\" height=\"396\" srcset=\"https:\/\/dev.vegconom.de\/germany\/wp-content\/uploads\/sites\/2\/oatly-1.png 678w, https:\/\/dev.vegconom.de\/germany\/wp-content\/uploads\/sites\/2\/oatly-1-300x175.png 300w, https:\/\/dev.vegconom.de\/germany\/wp-content\/uploads\/sites\/2\/oatly-1-150x88.png 150w\" sizes=\"auto, (max-width: 678px) 100vw, 678px\" \/><figcaption id=\"caption-attachment-40103\" class=\"wp-caption-text\">\u00a9 Oatly Germany GmbH<\/figcaption><\/figure><\/li>\n<\/ul>\n<p>Nun entscheidet sich, ob die EU weitere Beschr\u00e4nkungen f\u00fcr pflanzliche Lebensmittel (die schon jetzt am st\u00e4rksten eingeschr\u00e4nkte Lebensmittelkategorie in der EU) einf\u00fchren und damit eine klimafeindliche Politik unterst\u00fctzen wird, die fairen Wettbewerb erschwert. Wenn die bestehenden Regelungen durch die Verabschiedung von \u00c4nderungsantrag 171 ausgeweitet werden, k\u00f6nnte f\u00fcr den pflanzlichen Sektor Folgendes zuk\u00fcnftig verboten sein:<\/p>\n<ul>\n<li>N\u00fctzliche beschreibende Begriffe wie \u201eMilchalternative&#8220;, \u201esahnig&#8220;, \u201everwendbar wie Kochsahne&#8220; oder \u201evegane Alternative zu Joghurt&#8220;;<\/li>\n<li>Wesentliche Allergeninformationen wie \u201eenth\u00e4lt keine Milch&#8220;;<\/li>\n<li>Vertraute Verpackungsformate, die denen von Kuhmilchprodukten nachempfunden sind;<\/li>\n<li>Visuelle Darstellungen von pflanzlichen Lebensmitteln, die an Molkereiprodukte erinnern \u2013 z. B. die bildliche Darstellung von Milchschaum auf einer Haferdrink-Verpackung;<\/li>\n<li>Wissenschaftlich fundierte Aussagen, die pflanzliche Lebensmittel mit Milchprodukten vergleichen, wie z. B. \u201edie H\u00e4lfte der CO2-Emissionen von Butter&#8220;, in der gesamten Kommunikation, einschlie\u00dflich digitaler und sozialer Medien.<\/li>\n<\/ul>\n<p>\u201eWie viele Menschen m\u00fcssen noch darauf bestehen, dass sie nicht verwirrt sind, bevor dieses Narrativ als das gesehen werden kann, was es ist? So viele Stimmen \u2013 darunter Landwirte, Verbraucherverb\u00e4nde, NGOs, Lebensmittelunternehmen, B\u00fcrgerInnen \u2013 haben sich zusammengefunden, um \u00c4nderungsantrag 171 herauszufordern und diese eklatante Zensur anzuprangern. Die Nachhaltigkeit selbst ist in Gefahr. Lassen Sie uns die Klimakrise ernst nehmen und pflanzliche Lebensmittel sch\u00fctzen. Unsere gesamte Zukunft h\u00e4ngt davon ab&#8220;, sagt Jasmijn de Boo, Vice President, ProVeg International.<\/p><div class=\"vegco-after-5th-paragraph-in-content-mobile-only\" style=\"margin-top: 20px;margin-bottom: 20px;\" id=\"vegco-2557781856\"><div class=\"vegco-adlabel\">Anzeige<\/div>        <div class=\"sponsored-post-container advadgroup\" style=\"margin-top: 12px; margin-bottom: 45px;\">\r\n            <p style=\"border-bottom: solid #333 2px; padding-bottom: 5px; font-weight: 900; font-size: 16px;\">Sponsored<\/p>\r\n                            <div class=\"preview-inside-article\">\r\n                    <div class=\"post-image\">\r\n                        <a style=\" text-decoration: none;\" href=\"https:\/\/dev.vegconom.de\/germany\/marketing-und-medien\/update-business-webtalk-teil-7\/\">\r\n                            <img loading=\"lazy\" decoding=\"async\" width=\"1200\" height=\"900\" src=\"https:\/\/assets.vegconom.de\/media\/wp-content\/uploads\/sites\/2\/2024\/11\/13100235\/DECEMBER-Artikel-HeaderThumbnail-update-1200-x-900-px-vegconomist-update-business-webtalk.jpg\" class=\"attachment-full size-full wp-post-image\" alt=\"update business webtalk\" srcset=\"https:\/\/assets.vegconom.de\/media\/wp-content\/uploads\/sites\/2\/2024\/11\/13100235\/DECEMBER-Artikel-HeaderThumbnail-update-1200-x-900-px-vegconomist-update-business-webtalk.jpg 1200w, https:\/\/assets.vegconom.de\/media\/wp-content\/uploads\/sites\/2\/2024\/11\/13100235\/DECEMBER-Artikel-HeaderThumbnail-update-1200-x-900-px-vegconomist-update-business-webtalk-300x225.jpg 300w, https:\/\/assets.vegconom.de\/media\/wp-content\/uploads\/sites\/2\/2024\/11\/13100235\/DECEMBER-Artikel-HeaderThumbnail-update-1200-x-900-px-vegconomist-update-business-webtalk-1024x768.jpg 1024w, https:\/\/assets.vegconom.de\/media\/wp-content\/uploads\/sites\/2\/2024\/11\/13100235\/DECEMBER-Artikel-HeaderThumbnail-update-1200-x-900-px-vegconomist-update-business-webtalk-150x113.jpg 150w, https:\/\/assets.vegconom.de\/media\/wp-content\/uploads\/sites\/2\/2024\/11\/13100235\/DECEMBER-Artikel-HeaderThumbnail-update-1200-x-900-px-vegconomist-update-business-webtalk-768x576.jpg 768w\" sizes=\"(max-width: 1200px) 100vw, 1200px\" \/>                        <\/a>\r\n                    <\/div>\r\n                    <div class=\"entry-header\">\r\n                        <a\r\n                            style=\"color: #333; font-size:18px!important; text-decoration: none;\" href=\"https:\/\/dev.vegconom.de\/germany\/marketing-und-medien\/update-business-webtalk-teil-7\/\">\r\n                            update Business Webtalk Teil 7: Reflecting on 2024 and Future Prospects \u2013 What\u2019s Next in the Alt Protein Industry?                        <\/a>\r\n                    <\/div>\r\n                <\/div>\r\n                        <\/div>\r\n        <\/div>\n<p>\u201eWir wehren uns seit den 1870er Jahren gegen wettbewerbsfeindliche Angriffe der Milchindustrie. Jetzt versucht dieser Antrag genau die Begrifflichkeiten, Verpackungen und Bilder zu verbieten, die der pflanzliche Sektor seit Jahrzehnten verwendet. Die VerbraucherInnen wissen, dass dies der falsche Weg ist, und Hunderttausende von ihnen wollen, dass ihre Stimme geh\u00f6rt wird&#8220;, erg\u00e4nzt Dr. Jeanette Fielding, Chief Corporate Affairs and Communications Officer, Upfield. \u201eIm 21. Jahrhundert wirkt sich dieses Problem nicht mehr nur auf den Wettbewerbsschutz und die Rechte von VerbraucherInnen aus. Es hat auch Auswirkungen auf den Klimawandel, die Artenvielfalt und die \u00f6ffentliche Gesundheit.&#8220;<\/p>\n<p>\u201eWir hoffen, dass die EU \u00c4nderungsantrag 171 verwirft und damit an ihrer Verpflichtung festh\u00e4lt, den globalen Kampf gegen den Klimawandel anzuf\u00fchren. Wir befinden uns in einem Wettlauf gegen die (Klima-)Uhr. Gesetzliche H\u00fcrden zum jetzigen Zeitpunkt einzuf\u00fchren, obwohl wissenschaftliche Erkenntnisse beweisen, wie wichtig es ist, auf pflanzliche Ern\u00e4hrung umzusteigen, um den Klimawandel und die Herausforderungen der \u00f6ffentlichen Gesundheit anzugehen, ist nicht nur falsch, sondern absurd&#8220;, sagt Cecilia McAleavey, Director Public Affairs and Sustainable Eating, Oatly.<\/p>\n<div class=\"vegco-after-content\" id=\"vegco-1981976008\"><hr>\r\n<p style=\"background-color: #e0e0e0; padding: 15px;\">Unsere Betriebskosten steigen, die Erl\u00f6se stagnieren. Wenn Sie unsere Inhalte sch\u00e4tzen, k\u00f6nnen Sie unsere Arbeit mit einem vegconomist+ Unterst\u00fctzer-Abo f\u00f6rdern. Planbare Eink\u00fcnfte stellen sicher, dass wir unsere Produkte weiterhin unabh\u00e4ngig, reichweitenstark und kostenfrei zur Verf\u00fcgung stellen k\u00f6nnen.\r\n<br>\r\n<a href=\"https:\/\/dev.vegconom.de\/germany\/vegconomist-plus\/\">>>> Jetzt unterst\u00fctzen<\/a><\/p><\/div>","protected":false},"excerpt":{"rendered":"<p>\u00dcber 435.000 Verbraucher haben die Petition von ProVeg, Upfield und Oatly gegen den klimafeindlichen \u00c4nderungsantrag 171 unterzeichnet Diese Woche markiert einen entscheidenden Wendepunkt f\u00fcr eine gesunde, nachhaltige Ern\u00e4hrung in Europa. \u00c4nderungsantrag 171 \u2013 der Gesetzesentwurf zur Einf\u00fchrung strenger neuer Beschr\u00e4nkungen f\u00fcr pflanzliche Lebensmittel, der 2018 vom AGRI-Ausschuss des Europ\u00e4ischen Parlaments vorgeschlagen wurde \u2013 steht zur Diskussion.<\/p>\n","protected":false},"author":6,"featured_media":41686,"comment_status":"closed","ping_status":"closed","sticky":false,"template":"","format":"standard","meta":{"_mo_disable_npp":"","ngg_post_thumbnail":0,"footnotes":""},"categories":[111,47658],"tags":[6802,12433,208],"unternehmen":[54495,20452],"regional":[],"technicaltags":[],"class_list":["post-41685","post","type-post","status-publish","format-standard","has-post-thumbnail","hentry","category-politik-gesellschaft","category-top-themen","tag-eu","tag-europaeische-kommission","tag-recht","unternehmen-proveg","unternehmen-upfield","infinite-scroll-item"],"_links":{"self":[{"href":"https:\/\/dev.vegconom.de\/germany\/wp-json\/wp\/v2\/posts\/41685","targetHints":{"allow":["GET"]}}],"collection":[{"href":"https:\/\/dev.vegconom.de\/germany\/wp-json\/wp\/v2\/posts"}],"about":[{"href":"https:\/\/dev.vegconom.de\/germany\/wp-json\/wp\/v2\/types\/post"}],"author":[{"embeddable":true,"href":"https:\/\/dev.vegconom.de\/germany\/wp-json\/wp\/v2\/users\/6"}],"replies":[{"embeddable":true,"href":"https:\/\/dev.vegconom.de\/germany\/wp-json\/wp\/v2\/comments?post=41685"}],"version-history":[{"count":0,"href":"https:\/\/dev.vegconom.de\/germany\/wp-json\/wp\/v2\/posts\/41685\/revisions"}],"wp:featuredmedia":[{"embeddable":true,"href":"https:\/\/dev.vegconom.de\/germany\/wp-json\/wp\/v2\/media\/41686"}],"wp:attachment":[{"href":"https:\/\/dev.vegconom.de\/germany\/wp-json\/wp\/v2\/media?parent=41685"}],"wp:term":[{"taxonomy":"category","embeddable":true,"href":"https:\/\/dev.vegconom.de\/germany\/wp-json\/wp\/v2\/categories?post=41685"},{"taxonomy":"post_tag","embeddable":true,"href":"https:\/\/dev.vegconom.de\/germany\/wp-json\/wp\/v2\/tags?post=41685"},{"taxonomy":"unternehmen","embeddable":true,"href":"https:\/\/dev.vegconom.de\/germany\/wp-json\/wp\/v2\/unternehmen?post=41685"},{"taxonomy":"regional","embeddable":true,"href":"https:\/\/dev.vegconom.de\/germany\/wp-json\/wp\/v2\/regional?post=41685"},{"taxonomy":"technicaltags","embeddable":true,"href":"https:\/\/dev.vegconom.de\/germany\/wp-json\/wp\/v2\/technicaltags?post=41685"}],"curies":[{"name":"wp","href":"https:\/\/api.w.org\/{rel}","templated":true}]}}