{"id":26242,"date":"2020-05-19T06:52:00","date_gmt":"2020-05-19T04:52:00","guid":{"rendered":"https:\/\/dev.vegconom.de\/germany\/?p=26242"},"modified":"2020-05-19T10:57:08","modified_gmt":"2020-05-19T08:57:08","slug":"corona-pandemie-erhoeht-das-angebot-von-veganem-fleischersatz-in-spanischen-supermaerkten","status":"publish","type":"post","link":"https:\/\/dev.vegconom.de\/germany\/handel-e-commerce\/corona-pandemie-erhoeht-das-angebot-von-veganem-fleischersatz-in-spanischen-supermaerkten\/","title":{"rendered":"Corona-Pandemie erh\u00f6ht das Angebot von veganem Fleischersatz in spanischen Superm\u00e4rkten"},"content":{"rendered":"<p><a href=\"https:\/\/dev.vegconom.de\/germany\/studien-und-zahlen\/spanien-trend-zum-veganismus-beeinflusst-den-bio-markt\/\">Spanische<\/a> Verbraucher suchen derzeit immer h\u00e4ufiger nach pflanzlichen Fleischalternativen und die Superm\u00e4rkte im Land reagieren auf diese Nachfrage und erh\u00f6hen ihr Angebot deutlich. So finden seit Beginn der <a href=\"https:\/\/dev.vegconom.de\/germany\/studien-und-zahlen\/kochen-in-corona-zeiten-repraesentative-und-aktuelle-kantar-befragung-im-auftrag-der-heinz-lohmann-stiftung\/\">Pandemie<\/a> immer mehr vegane Ersatzprodukte von unterschiedlichsten Herstellern den Weg in die Regale spanischer Einzelh\u00e4ndler.<!--more--><\/p>\n<p>Bernat A\u00f1a\u00f1os, Mitgr\u00fcnder des veganen Fleischproduzenten <a href=\"https:\/\/www.heurafoods.com\/\" target=\"_blank\" rel=\"noopener\">Heura<\/a>, berichtet bespielsweise, dass das Unternehmen seinen Einzelhandelsvertrieb in Spanien w\u00e4hrend des Lockdowns um 13,7% steigern konnte. Er sieht das wachsende Bewusstsein der Konsumenten f\u00fcr die negativen Folgen der <a href=\"https:\/\/dev.vegconom.de\/germany\/markt-und-trends\/marktbericht-globaler-markt-fuer-pflanzliche-fleischalternativen-mit-starken-wachstumszahlen\/\">Tierhaltung<\/a> als einen Hauptantrieb des Marktes.<\/p>\n<p>In diesem Zusammenhang sagt&nbsp;A\u00f1a\u00f1os: &#8222;<a href=\"https:\/\/dev.vegconom.de\/germany\/markt-und-trends\/marktbericht-der-markt-fuer-alternative-proteine-verzeichnet-weiterhin-starke-wachstumszahlen\/\">Analysten<\/a> deuten darauf hin, dass alternative Proteine bald 10-20% des derzeitigen globalen Fleischmarktes ausmachen werden, da das Verbraucherinteresse aufgrund einer Kombination von Gesundheits-, Sicherheits-, Umwelt- und Tierschutzbelangen erheblich zugenommen hat.&#8220;<\/p><div class=\"vegco-after-3rd-paragraph-in-content-desktop-only\" style=\"margin-top: 20px;margin-bottom: 45px;\" id=\"vegco-3624873914\">        <div class=\"sponsored-post-container advadgroup\" style=\"margin-top: 12px; margin-bottom: 45px;\">\r\n            <p style=\"border-bottom: solid #333 2px; padding-bottom: 5px; font-weight: 900; font-size: 16px;\">Sponsored<\/p>\r\n                            <div class=\"preview-inside-article\">\r\n                    <div class=\"post-image\">\r\n                        <a style=\" text-decoration: none;\" href=\"https:\/\/dev.vegconom.de\/germany\/stellenanzeigen\/mediaberater-m-w-d-gesucht-20-30-stunden-woche\/\">\r\n                                                    <\/a>\r\n                    <\/div>\r\n                    <div class=\"entry-header\">\r\n                        <a\r\n                            style=\"color: #333; font-size:18px!important; text-decoration: none;\" href=\"https:\/\/dev.vegconom.de\/germany\/stellenanzeigen\/mediaberater-m-w-d-gesucht-20-30-stunden-woche\/\">\r\n                            Mediaberater (m\/w\/d) gesucht (20-30 Stunden\/Woche)                        <\/a>\r\n                    <\/div>\r\n                <\/div>\r\n                        <\/div>\r\n        <\/div>\n<figure id=\"attachment_26267\" aria-describedby=\"caption-attachment-26267\" style=\"width: 290px\" class=\"wp-caption alignright\"><img loading=\"lazy\" decoding=\"async\" class=\"size-medium wp-image-26267\" src=\"https:\/\/dev.vegconom.de\/vegconomistde\/wp-content\/uploads\/sites\/2\/Maheso-GreenMoments-300x203.jpg\" alt=\"\" width=\"300\" height=\"203\" srcset=\"https:\/\/dev.vegconom.de\/germany\/wp-content\/uploads\/sites\/2\/Maheso-GreenMoments-300x203.jpg 300w, https:\/\/dev.vegconom.de\/germany\/wp-content\/uploads\/sites\/2\/Maheso-GreenMoments-150x101.jpg 150w, https:\/\/dev.vegconom.de\/germany\/wp-content\/uploads\/sites\/2\/Maheso-GreenMoments.jpg 754w\" sizes=\"auto, (max-width: 300px) 100vw, 300px\" \/><figcaption id=\"caption-attachment-26267\" class=\"wp-caption-text\">\u00a9 Maheso<\/figcaption><\/figure>\n<p>Auch die konventionellen Lebensmittelproduzenten f\u00fchren immer h\u00e4ufiger Alternativprodukte in Spanien ein. So hat beispielsweise der Hersteller <a href=\"https:\/\/maheso.com\/category\/bienestar\/momentos-maheso\/\" target=\"_blank\" rel=\"noopener\">Maheso<\/a> vor kurzem eine neue Produktlinie pflanzlicher Proteine namens &#8222;Green Moments&#8220; auf den Markt gebracht. Zum neuen pflanzlichen Sortiment z\u00e4hlen pflanzliche Nuggets und Kroketten, vegane Lasagne und vegetarische Burger.<\/p>\n<p>Die deutsche Dicsount-Kette <a href=\"https:\/\/www.lidl.de\/\" target=\"_blank\" rel=\"noopener\">Lidl<\/a> f\u00fchrte ihre innovativen &#8222;<a href=\"https:\/\/dev.vegconom.de\/germany\/food-and-beverage\/lidl-startet-aktion-mit-veganen-next-level-meat-produkten\/\">Next Level<\/a>&#8222;-Produkte in Spanien ein. &#8222;Der erste Fleischburger der kein Fleisch ist&#8220;, so beschrieb Arantxa Conde, Leiterin der \u00d6ffentlichkeitsarbeit bei Lidl, der spanischen Presse den &#8222;Next Level&#8220;-Burger. Die veganen Produkte sind jetzt in ganz Spanien erh\u00e4ltlich.<\/p><div class=\"vegco-after-5th-paragraph-in-content-mobile-only\" style=\"margin-top: 20px;margin-bottom: 20px;\" id=\"vegco-1507777052\"><div class=\"vegco-adlabel\">Anzeige<\/div>        <div class=\"sponsored-post-container advadgroup\" style=\"margin-top: 12px; margin-bottom: 45px;\">\r\n            <p style=\"border-bottom: solid #333 2px; padding-bottom: 5px; font-weight: 900; font-size: 16px;\">Sponsored<\/p>\r\n                            <div class=\"preview-inside-article\">\r\n                    <div class=\"post-image\">\r\n                        <a style=\" text-decoration: none;\" href=\"https:\/\/dev.vegconom.de\/germany\/stellenanzeigen\/mediaberater-m-w-d-gesucht-20-30-stunden-woche\/\">\r\n                                                    <\/a>\r\n                    <\/div>\r\n                    <div class=\"entry-header\">\r\n                        <a\r\n                            style=\"color: #333; font-size:18px!important; text-decoration: none;\" href=\"https:\/\/dev.vegconom.de\/germany\/stellenanzeigen\/mediaberater-m-w-d-gesucht-20-30-stunden-woche\/\">\r\n                            Mediaberater (m\/w\/d) gesucht (20-30 Stunden\/Woche)                        <\/a>\r\n                    <\/div>\r\n                <\/div>\r\n                        <\/div>\r\n        <\/div>\n<p>Der Trend hin zu ges\u00fcnderer und pflanzlicher Nahrung ist derzeit in ganz Europa verst\u00e4rkt zu beobachten. Der spanische Markt f\u00fcr pflanzliche Fleischalternativen entwickelt sich im Gegensatz zu Deutschland oder auch Gro\u00dfbritannien eher langsam, bietet den Produzenten daf\u00fcr aber auch noch kr\u00e4ftige Wachstumschancen.<\/p>\n<div class=\"vegco-after-content\" id=\"vegco-2157005775\"><hr>\r\n<p style=\"background-color: #e0e0e0; padding: 15px;\">Unsere Betriebskosten steigen, die Erl\u00f6se stagnieren. Wenn Sie unsere Inhalte sch\u00e4tzen, k\u00f6nnen Sie unsere Arbeit mit einem vegconomist+ Unterst\u00fctzer-Abo f\u00f6rdern. Planbare Eink\u00fcnfte stellen sicher, dass wir unsere Produkte weiterhin unabh\u00e4ngig, reichweitenstark und kostenfrei zur Verf\u00fcgung stellen k\u00f6nnen.\r\n<br>\r\n<a href=\"https:\/\/dev.vegconom.de\/germany\/vegconomist-plus\/\">>>> Jetzt unterst\u00fctzen<\/a><\/p><\/div>","protected":false},"excerpt":{"rendered":"<p>Spanische Verbraucher suchen derzeit immer h\u00e4ufiger nach pflanzlichen Fleischalternativen und die Superm\u00e4rkte im Land reagieren auf diese Nachfrage und erh\u00f6hen ihr Angebot deutlich. So finden seit Beginn der Pandemie immer mehr vegane Ersatzprodukte von unterschiedlichsten Herstellern den Weg in die Regale spanischer Einzelh\u00e4ndler.<\/p>\n","protected":false},"author":30,"featured_media":26266,"comment_status":"closed","ping_status":"closed","sticky":false,"template":"","format":"standard","meta":{"_mo_disable_npp":"","ngg_post_thumbnail":0,"footnotes":""},"categories":[473,50818],"tags":[44657,219],"unternehmen":[41992,31342],"regional":[1715],"technicaltags":[],"class_list":["post-26242","post","type-post","status-publish","format-standard","has-post-thumbnail","hentry","category-handel-e-commerce","category-fleisch-und-fischalternativen","tag-corona-pandemie","tag-supermarkt-vegan","unternehmen-heura","unternehmen-taco-bell","regional-spanien","infinite-scroll-item"],"_links":{"self":[{"href":"https:\/\/dev.vegconom.de\/germany\/wp-json\/wp\/v2\/posts\/26242","targetHints":{"allow":["GET"]}}],"collection":[{"href":"https:\/\/dev.vegconom.de\/germany\/wp-json\/wp\/v2\/posts"}],"about":[{"href":"https:\/\/dev.vegconom.de\/germany\/wp-json\/wp\/v2\/types\/post"}],"author":[{"embeddable":true,"href":"https:\/\/dev.vegconom.de\/germany\/wp-json\/wp\/v2\/users\/30"}],"replies":[{"embeddable":true,"href":"https:\/\/dev.vegconom.de\/germany\/wp-json\/wp\/v2\/comments?post=26242"}],"version-history":[{"count":0,"href":"https:\/\/dev.vegconom.de\/germany\/wp-json\/wp\/v2\/posts\/26242\/revisions"}],"wp:featuredmedia":[{"embeddable":true,"href":"https:\/\/dev.vegconom.de\/germany\/wp-json\/wp\/v2\/media\/26266"}],"wp:attachment":[{"href":"https:\/\/dev.vegconom.de\/germany\/wp-json\/wp\/v2\/media?parent=26242"}],"wp:term":[{"taxonomy":"category","embeddable":true,"href":"https:\/\/dev.vegconom.de\/germany\/wp-json\/wp\/v2\/categories?post=26242"},{"taxonomy":"post_tag","embeddable":true,"href":"https:\/\/dev.vegconom.de\/germany\/wp-json\/wp\/v2\/tags?post=26242"},{"taxonomy":"unternehmen","embeddable":true,"href":"https:\/\/dev.vegconom.de\/germany\/wp-json\/wp\/v2\/unternehmen?post=26242"},{"taxonomy":"regional","embeddable":true,"href":"https:\/\/dev.vegconom.de\/germany\/wp-json\/wp\/v2\/regional?post=26242"},{"taxonomy":"technicaltags","embeddable":true,"href":"https:\/\/dev.vegconom.de\/germany\/wp-json\/wp\/v2\/technicaltags?post=26242"}],"curies":[{"name":"wp","href":"https:\/\/api.w.org\/{rel}","templated":true}]}}