{"id":121379,"date":"2024-12-05T15:35:59","date_gmt":"2024-12-05T14:35:59","guid":{"rendered":"https:\/\/dev.vegconom.de\/germany\/?p=121379"},"modified":"2024-12-05T15:35:59","modified_gmt":"2024-12-05T14:35:59","slug":"fleischverzicht-in-den-niederlanden","status":"publish","type":"post","link":"https:\/\/dev.vegconom.de\/germany\/studien-und-zahlen\/fleischverzicht-in-den-niederlanden\/","title":{"rendered":"20 % der jungen Menschen in den Niederlanden wollen auf Fleisch verzichten"},"content":{"rendered":"<p style=\"text-align: center\"><strong>Eine neue Studie von Kieskompas im Auftrag von ProVeg Niederlande hat ergeben, dass die Mehrheit der Niederl\u00e4nder die Idee einer Umstellung auf eine st\u00e4rker pflanzenbasierte Ern\u00e4hrung unterst\u00fctzt.<\/strong><\/p>\n<p>20 % der befragten jungen Menschen gaben an, dass sie gerne auf Fleisch verzichten w\u00fcrden, verglichen mit 16 % in der Gesamtbev\u00f6lkerung. 45 % der Befragten waren bereits <a href=\"https:\/\/dev.vegconom.de\/germany\/thema\/flexitarier\/\">Flexitarier<\/a>, w\u00e4hrend 7 % Vegetarier und 2 % Veganer waren. Von denjenigen, die keine Vegetarier oder Veganer waren, wollte die H\u00e4lfte weniger Fleisch essen.<\/p>\n<p>Insgesamt gaben zwei Drittel der Befragten an, dass sie den \u00dcbergang zu einer st\u00e4rker pflanzenbasierten Ern\u00e4hrung unterst\u00fctzen, wobei die Mehrheit \u00fcber alle Altersgruppen, politischen Ansichten und Regionen hinweg daf\u00fcr ist. Die h\u00e4ufigsten Gr\u00fcnde f\u00fcr den Wunsch, weniger tierische Produkte zu essen, waren die Verringerung des Tierleids, die Verhinderung der Entwaldung, die Vermeidung des Artensterbens und der Schutz der Wildfischbest\u00e4nde.<\/p><div class=\"vegco-after-3rd-paragraph-in-content-desktop-only\" style=\"margin-top: 20px;margin-bottom: 45px;\" id=\"vegco-1066072411\">        <div class=\"sponsored-post-container advadgroup\" style=\"margin-top: 12px; margin-bottom: 45px;\">\r\n            <p style=\"border-bottom: solid #333 2px; padding-bottom: 5px; font-weight: 900; font-size: 16px;\">Sponsored<\/p>\r\n                            <div class=\"preview-inside-article\">\r\n                    <div class=\"post-image\">\r\n                        <a style=\" text-decoration: none;\" href=\"https:\/\/dev.vegconom.de\/germany\/stellenanzeigen\/mediaberater-m-w-d-gesucht-20-30-stunden-woche\/\">\r\n                                                    <\/a>\r\n                    <\/div>\r\n                    <div class=\"entry-header\">\r\n                        <a\r\n                            style=\"color: #333; font-size:18px!important; text-decoration: none;\" href=\"https:\/\/dev.vegconom.de\/germany\/stellenanzeigen\/mediaberater-m-w-d-gesucht-20-30-stunden-woche\/\">\r\n                            Mediaberater (m\/w\/d) gesucht (20-30 Stunden\/Woche)                        <\/a>\r\n                    <\/div>\r\n                <\/div>\r\n                        <\/div>\r\n        <\/div>\n<p>Dem Bericht zufolge w\u00fcrde der niederl\u00e4ndische Fleischkonsum um 30 % sinken, wenn alle, die angaben, ihren Konsum reduzieren zu wollen, dies auch t\u00e4ten. Dadurch k\u00f6nnten 1,6 Megatonnen CO<sub>2<\/sub> pro Jahr eingespart werden, was etwa einem Drittel des Emissionsreduktionsziels der Regierung f\u00fcr den niederl\u00e4ndischen Viehzuchtsektor bis 2030 entspricht.<\/p>\n<figure id=\"attachment_121381\" aria-describedby=\"caption-attachment-121381\" style=\"width: 790px\" class=\"wp-caption alignnone\"><img loading=\"lazy\" decoding=\"async\" class=\"wp-image-121381 size-full\" src=\"https:\/\/assets.vegconom.de\/media\/wp-content\/uploads\/sites\/2\/2024\/12\/05131556\/family-BBQ.jpg\" alt=\"Familien BBQ\" width=\"800\" height=\"543\" srcset=\"https:\/\/assets.vegconom.de\/media\/wp-content\/uploads\/sites\/2\/2024\/12\/05131556\/family-BBQ.jpg 800w, https:\/\/assets.vegconom.de\/media\/wp-content\/uploads\/sites\/2\/2024\/12\/05131556\/family-BBQ-300x204.jpg 300w, https:\/\/assets.vegconom.de\/media\/wp-content\/uploads\/sites\/2\/2024\/12\/05131556\/family-BBQ-150x102.jpg 150w, https:\/\/assets.vegconom.de\/media\/wp-content\/uploads\/sites\/2\/2024\/12\/05131556\/family-BBQ-768x521.jpg 768w\" sizes=\"auto, (max-width: 800px) 100vw, 800px\" \/><figcaption id=\"caption-attachment-121381\" class=\"wp-caption-text\">\u00a9 ProVeg International<\/figcaption><\/figure>\n<h2><b>Vom Wunsch zum Handeln<\/b><\/h2>\n<p>Anfang des Jahres zeigten Zahlen, dass Fleisch und Milchprodukte weiterhin die <a href=\"https:\/\/dev.vegconom.de\/germany\/studien-und-zahlen\/protein-monitor-niederlande-wagenigen-university\/\">niederl\u00e4ndische Ern\u00e4hrung<\/a> dominieren. 61 % des im Land konsumierten Proteins ist tierischen Ursprungs, w\u00e4hrend die Regierung sich zum Ziel gesetzt hat, bis 2030 ein Verh\u00e4ltnis von 50\/50 zwischen pflanzlichen und tierischen Proteinen zu erreichen.<\/p><div class=\"vegco-after-5th-paragraph-in-content-mobile-only\" style=\"margin-top: 20px;margin-bottom: 20px;\" id=\"vegco-2149662568\"><div class=\"vegco-adlabel\">Anzeige<\/div>        <div class=\"sponsored-post-container advadgroup\" style=\"margin-top: 12px; margin-bottom: 45px;\">\r\n            <p style=\"border-bottom: solid #333 2px; padding-bottom: 5px; font-weight: 900; font-size: 16px;\">Sponsored<\/p>\r\n                            <div class=\"preview-inside-article\">\r\n                    <div class=\"post-image\">\r\n                        <a style=\" text-decoration: none;\" href=\"https:\/\/dev.vegconom.de\/germany\/marketing-und-medien\/update-business-webtalk-teil-7\/\">\r\n                            <img loading=\"lazy\" decoding=\"async\" width=\"1200\" height=\"900\" src=\"https:\/\/assets.vegconom.de\/media\/wp-content\/uploads\/sites\/2\/2024\/11\/13100235\/DECEMBER-Artikel-HeaderThumbnail-update-1200-x-900-px-vegconomist-update-business-webtalk.jpg\" class=\"attachment-full size-full wp-post-image\" alt=\"update business webtalk\" srcset=\"https:\/\/assets.vegconom.de\/media\/wp-content\/uploads\/sites\/2\/2024\/11\/13100235\/DECEMBER-Artikel-HeaderThumbnail-update-1200-x-900-px-vegconomist-update-business-webtalk.jpg 1200w, https:\/\/assets.vegconom.de\/media\/wp-content\/uploads\/sites\/2\/2024\/11\/13100235\/DECEMBER-Artikel-HeaderThumbnail-update-1200-x-900-px-vegconomist-update-business-webtalk-300x225.jpg 300w, https:\/\/assets.vegconom.de\/media\/wp-content\/uploads\/sites\/2\/2024\/11\/13100235\/DECEMBER-Artikel-HeaderThumbnail-update-1200-x-900-px-vegconomist-update-business-webtalk-1024x768.jpg 1024w, https:\/\/assets.vegconom.de\/media\/wp-content\/uploads\/sites\/2\/2024\/11\/13100235\/DECEMBER-Artikel-HeaderThumbnail-update-1200-x-900-px-vegconomist-update-business-webtalk-150x113.jpg 150w, https:\/\/assets.vegconom.de\/media\/wp-content\/uploads\/sites\/2\/2024\/11\/13100235\/DECEMBER-Artikel-HeaderThumbnail-update-1200-x-900-px-vegconomist-update-business-webtalk-768x576.jpg 768w\" sizes=\"(max-width: 1200px) 100vw, 1200px\" \/>                        <\/a>\r\n                    <\/div>\r\n                    <div class=\"entry-header\">\r\n                        <a\r\n                            style=\"color: #333; font-size:18px!important; text-decoration: none;\" href=\"https:\/\/dev.vegconom.de\/germany\/marketing-und-medien\/update-business-webtalk-teil-7\/\">\r\n                            update Business Webtalk Teil 7: Reflecting on 2024 and Future Prospects \u2013 What\u2019s Next in the Alt Protein Industry?                        <\/a>\r\n                    <\/div>\r\n                <\/div>\r\n                        <\/div>\r\n        <\/div>\n<p>Es gibt jedoch Grund zum Optimismus: Im Mai wurde berichtet, dass der Verkauf von Tierfleisch in niederl\u00e4ndischen Superm\u00e4rkten seit 2020 <a href=\"https:\/\/dev.vegconom.de\/germany\/handel-e-commerce\/tierfleisch-niederlande-supermarkt-studie\/\">um 16,4 % zur\u00fcckgegangen<\/a> ist. Die meisten <a href=\"https:\/\/dev.vegconom.de\/germany\/studien-und-zahlen\/11-niederlaendische-supermaerkte-2030\/\">gro\u00dfen niederl\u00e4ndischen Supermarktketten<\/a> haben sich verpflichtet, bis 2030 60 % pflanzliche Proteine zu verkaufen, sodass weitere Reduzierungen wahrscheinlich sind.<\/p>\n<p>Im M\u00e4rz ergab eine Studie von <a href=\"https:\/\/www.cbs.nl\/en-gb\" target=\"_blank\" rel=\"noopener\">Statistics Netherlands<\/a>, dass 69,2 % der Niederl\u00e4nder mindestens ein fleischloses Abendessen pro Woche zu sich nehmen. Junge Menschen, Frauen und Menschen mit h\u00f6herem Bildungsniveau entschieden sich eher f\u00fcr fleischlose Mahlzeiten.<\/p>\n<p>\u201eDer bereits bestehende Wunsch, mehr pflanzliche Lebensmittel zu essen, ist sehr gro\u00df\u201c, sagte Pablo Moleman, strategischer Direktor von ProVeg Netherlands. \u201cDies zeigt, dass es m\u00f6glich ist, die Niederlande viel st\u00e4rker auf pflanzliche Lebensmittel umzustellen, ohne dass jemand gezwungen oder \u00fcberzeugt werden muss. Es liegt an NGOs, Regierungen und Unternehmen, dieser Gruppe dabei zu helfen, ihren Wunsch in die Tat umzusetzen.\u201c<\/p>\n<p>Weitere Informationen: <a href=\"https:\/\/proveg.com\/nl\/\" target=\"_blank\" rel=\"noopener\">proveg.com<\/a><\/p>\n<div class=\"vegco-after-content\" id=\"vegco-4110026766\"><hr>\r\n<p style=\"background-color: #e0e0e0; padding: 15px;\">Unsere Betriebskosten steigen, die Erl\u00f6se stagnieren. Wenn Sie unsere Inhalte sch\u00e4tzen, k\u00f6nnen Sie unsere Arbeit mit einem vegconomist+ Unterst\u00fctzer-Abo f\u00f6rdern. Planbare Eink\u00fcnfte stellen sicher, dass wir unsere Produkte weiterhin unabh\u00e4ngig, reichweitenstark und kostenfrei zur Verf\u00fcgung stellen k\u00f6nnen.\r\n<br>\r\n<a href=\"https:\/\/dev.vegconom.de\/germany\/vegconomist-plus\/\">>>> Jetzt unterst\u00fctzen<\/a><\/p><\/div>","protected":false},"excerpt":{"rendered":"<p>Eine neue Studie von Kieskompas im Auftrag von ProVeg Niederlande hat ergeben, dass die Mehrheit der Niederl\u00e4nder die Idee einer Umstellung auf eine st\u00e4rker pflanzenbasierte Ern\u00e4hrung unterst\u00fctzt. 20 % der befragten jungen Menschen gaben an, dass sie gerne auf Fleisch verzichten w\u00fcrden, verglichen mit 16 % in der Gesamtbev\u00f6lkerung. 45 % der Befragten waren bereits Flexitarier, w\u00e4hrend 7 % Vegetarier und 2 % Veganer waren. Von denjenigen, die keine Vegetarier &#8230; <\/p>\n<p class=\"read-more-container\"><a title=\"update Business Webtalk Teil 7: Reflecting on 2024 and Future Prospects \u2013 What\u2019s Next in the Alt Protein Industry?\" class=\"read-more button\" href=\"https:\/\/dev.vegconom.de\/germany\/marketing-und-medien\/update-business-webtalk-teil-7\/#more-120253\" aria-label=\"Mehr Informationen \u00fcber update Business Webtalk Teil 7: Reflecting on 2024 and Future Prospects \u2013 What\u2019s Next in the Alt Protein Industry?\">mehr<\/a><\/p>\n","protected":false},"author":33,"featured_media":121380,"comment_status":"closed","ping_status":"closed","sticky":false,"template":"","format":"standard","meta":{"_mo_disable_npp":"","ngg_post_thumbnail":0,"footnotes":""},"categories":[252,80,47658],"tags":[52112,1037,6862,515],"unternehmen":[54495],"regional":[216],"technicaltags":[],"class_list":["post-121379","post","type-post","status-publish","format-standard","has-post-thumbnail","hentry","category-studien-und-zahlen","category-food-and-beverage","category-top-themen","tag-ernaehrung","tag-fleischkonsum","tag-flexitarier","tag-vegetarier","unternehmen-proveg","regional-niederlande","infinite-scroll-item"],"_links":{"self":[{"href":"https:\/\/dev.vegconom.de\/germany\/wp-json\/wp\/v2\/posts\/121379","targetHints":{"allow":["GET"]}}],"collection":[{"href":"https:\/\/dev.vegconom.de\/germany\/wp-json\/wp\/v2\/posts"}],"about":[{"href":"https:\/\/dev.vegconom.de\/germany\/wp-json\/wp\/v2\/types\/post"}],"author":[{"embeddable":true,"href":"https:\/\/dev.vegconom.de\/germany\/wp-json\/wp\/v2\/users\/33"}],"replies":[{"embeddable":true,"href":"https:\/\/dev.vegconom.de\/germany\/wp-json\/wp\/v2\/comments?post=121379"}],"version-history":[{"count":3,"href":"https:\/\/dev.vegconom.de\/germany\/wp-json\/wp\/v2\/posts\/121379\/revisions"}],"predecessor-version":[{"id":121383,"href":"https:\/\/dev.vegconom.de\/germany\/wp-json\/wp\/v2\/posts\/121379\/revisions\/121383"}],"wp:featuredmedia":[{"embeddable":true,"href":"https:\/\/dev.vegconom.de\/germany\/wp-json\/wp\/v2\/media\/121380"}],"wp:attachment":[{"href":"https:\/\/dev.vegconom.de\/germany\/wp-json\/wp\/v2\/media?parent=121379"}],"wp:term":[{"taxonomy":"category","embeddable":true,"href":"https:\/\/dev.vegconom.de\/germany\/wp-json\/wp\/v2\/categories?post=121379"},{"taxonomy":"post_tag","embeddable":true,"href":"https:\/\/dev.vegconom.de\/germany\/wp-json\/wp\/v2\/tags?post=121379"},{"taxonomy":"unternehmen","embeddable":true,"href":"https:\/\/dev.vegconom.de\/germany\/wp-json\/wp\/v2\/unternehmen?post=121379"},{"taxonomy":"regional","embeddable":true,"href":"https:\/\/dev.vegconom.de\/germany\/wp-json\/wp\/v2\/regional?post=121379"},{"taxonomy":"technicaltags","embeddable":true,"href":"https:\/\/dev.vegconom.de\/germany\/wp-json\/wp\/v2\/technicaltags?post=121379"}],"curies":[{"name":"wp","href":"https:\/\/api.w.org\/{rel}","templated":true}]}}