{"id":35797,"date":"2020-12-03T13:01:38","date_gmt":"2020-12-03T12:01:38","guid":{"rendered":"https:\/\/dev.vegconom.de\/germany\/?p=35797"},"modified":"2024-07-31T11:07:51","modified_gmt":"2024-07-31T09:07:51","slug":"nestle-verstaerkt-engagement-zur-bekaempfung-des-klimawandels","status":"publish","type":"post","link":"https:\/\/dev.vegconom.de\/germany\/maschinen-anlagen-verfahrenstechnik\/verpackung\/nestle-verstaerkt-engagement-zur-bekaempfung-des-klimawandels\/","title":{"rendered":"Nestl\u00e9 verst\u00e4rkt Engagement zur Bek\u00e4mpfung des Klimawandels"},"content":{"rendered":"<p>Als Unterzeichner der UN-Verpflichtung \u00abBusiness Ambition for 1.5\u00b0C\u00bb legt <a href=\"https:\/\/www.nestle.de\/\" target=\"_blank\" rel=\"noopener\">Nestl\u00e9<\/a> als eines der ersten Unternehmen vorzeitig seinen detaillierten <a href=\"https:\/\/www.nestle.com\/sites\/default\/files\/2020-12\/nestle-net-zero-roadmap-de.pdf\" target=\"_blank\" rel=\"noopener noreferrer\">Aktionsplan<\/a> vor. Das Unternehmen ergreift Massnahmen, um seine Emissionen bis 2030 zu halbieren und sie bis 2050 auf netto null zu senken \u2013 und dies unter Einbezug des zu erwartenden Wachstums. <!--more--><\/p>\n<p>Zu den Schwerpunkten des Aktionsplans z\u00e4hlen die Unterst\u00fctzung der Bauern und Lieferanten bei der Umsetzung der regenerativen Landwirtschaft, das Pflanzen von Hunderten Millionen B\u00e4umen in den kommenden zehn Jahren und die Umstellung auf 100% Strom aus erneuerbaren Energiequellen bis 2025. Zus\u00e4tzlich steigert Nestl\u00e9 kontinuierlich die Anzahl <a href=\"https:\/\/dev.vegconom.de\/germany\/interviews\/oliver-nussli-von-nestle-ich-glaube-daran-dass-unsere-forschung-dazu-beitraegt-die-ressourcen-unseres-planeten-zu-schonen\/\">seiner &#8222;CO2 -neutralen&#8220; Marken<\/a>.&nbsp;<\/p>\n<p>Nestl\u00e9-Verwaltungsratspr\u00e4sident Paul Bulcke sagte dazu: &#8222;Der Verwaltungsrat erachtet beherzte Massnahmen zur Bek\u00e4mpfung des Klimawandels f\u00fcr strategisch wichtig. Er unterst\u00fctzt die Beschleunigung und Verst\u00e4rkung dieser Anstrengungen, um den langfristigen Erfolg des Unternehmens zu sichern und zu einer nachhaltigen Zukunft f\u00fcr k\u00fcnftige Generationen beizutragen.&#8220;<\/p><div class=\"vegco-after-3rd-paragraph-in-content-desktop-only\" style=\"margin-top: 20px;margin-bottom: 45px;\" id=\"vegco-1153875540\">        <div class=\"sponsored-post-container advadgroup\" style=\"margin-top: 12px; margin-bottom: 45px;\">\r\n            <p style=\"border-bottom: solid #333 2px; padding-bottom: 5px; font-weight: 900; font-size: 16px;\">Sponsored<\/p>\r\n                            <div class=\"preview-inside-article\">\r\n                    <div class=\"post-image\">\r\n                        <a style=\" text-decoration: none;\" href=\"https:\/\/dev.vegconom.de\/germany\/marketing-und-medien\/update-business-webtalk-teil-7\/\">\r\n                            <img loading=\"lazy\" decoding=\"async\" width=\"1200\" height=\"900\" src=\"https:\/\/assets.vegconom.de\/media\/wp-content\/uploads\/sites\/2\/2024\/11\/13100235\/DECEMBER-Artikel-HeaderThumbnail-update-1200-x-900-px-vegconomist-update-business-webtalk.jpg\" class=\"attachment-full size-full wp-post-image\" alt=\"update business webtalk\" srcset=\"https:\/\/assets.vegconom.de\/media\/wp-content\/uploads\/sites\/2\/2024\/11\/13100235\/DECEMBER-Artikel-HeaderThumbnail-update-1200-x-900-px-vegconomist-update-business-webtalk.jpg 1200w, https:\/\/assets.vegconom.de\/media\/wp-content\/uploads\/sites\/2\/2024\/11\/13100235\/DECEMBER-Artikel-HeaderThumbnail-update-1200-x-900-px-vegconomist-update-business-webtalk-300x225.jpg 300w, https:\/\/assets.vegconom.de\/media\/wp-content\/uploads\/sites\/2\/2024\/11\/13100235\/DECEMBER-Artikel-HeaderThumbnail-update-1200-x-900-px-vegconomist-update-business-webtalk-1024x768.jpg 1024w, https:\/\/assets.vegconom.de\/media\/wp-content\/uploads\/sites\/2\/2024\/11\/13100235\/DECEMBER-Artikel-HeaderThumbnail-update-1200-x-900-px-vegconomist-update-business-webtalk-150x113.jpg 150w, https:\/\/assets.vegconom.de\/media\/wp-content\/uploads\/sites\/2\/2024\/11\/13100235\/DECEMBER-Artikel-HeaderThumbnail-update-1200-x-900-px-vegconomist-update-business-webtalk-768x576.jpg 768w\" sizes=\"(max-width: 1200px) 100vw, 1200px\" \/>                        <\/a>\r\n                    <\/div>\r\n                    <div class=\"entry-header\">\r\n                        <a\r\n                            style=\"color: #333; font-size:18px!important; text-decoration: none;\" href=\"https:\/\/dev.vegconom.de\/germany\/marketing-und-medien\/update-business-webtalk-teil-7\/\">\r\n                            update Business Webtalk Teil 7: Reflecting on 2024 and Future Prospects \u2013 What\u2019s Next in the Alt Protein Industry?                        <\/a>\r\n                    <\/div>\r\n                <\/div>\r\n                        <\/div>\r\n        <\/div>\n<p>Der Fahrplan ist das Ergebnis einer umfassenden \u00dcberpr\u00fcfung der Gesch\u00e4ftst\u00e4tigkeiten und Betriebsabl\u00e4ufe von Nestl\u00e9. Das dabei ermittelte Ausmass der Herausforderung bestimmte die f\u00fcr die L\u00f6sung erforderlichen Massnahmen. Im Jahr 2018 beliefen sich die Treibhausgasemissionen des Unternehmens auf 92 Millionen Tonnen. Dieser Wert dient als Referenz f\u00fcr die Messung des Fortschritts.&nbsp;<\/p>\n<p>&#8222;Die Bew\u00e4ltigung des Klimawandels kann nicht warten, und wir k\u00f6nnen es auch nicht. Unser Handeln ist entscheidend f\u00fcr unseren langfristigen gesch\u00e4ftlichen Erfolg&#8220;, sagte Mark Schneider, CEO von Nestl\u00e9. &#8222;Wir sind in nahezu jedem Land der Welt t\u00e4tig. Mit dieser Reichweite und Gr\u00f6sse k\u00f6nnen wir einen erheblichen Beitrag zur Bek\u00e4mpfung des Klimawandels leisten. Wir werden mit Bauern, Industriepartnern, Regierungen, Nichtregierungsorganisationen und unseren Konsumenten zusammenarbeiten, um unseren \u00f6kologischen Fussabdruck zu verkleinern.&#8220;<\/p><div class=\"vegco-after-5th-paragraph-in-content-mobile-only\" style=\"margin-top: 20px;margin-bottom: 20px;\" id=\"vegco-4217371756\"><div class=\"vegco-adlabel\">Anzeige<\/div>        <div class=\"sponsored-post-container advadgroup\" style=\"margin-top: 12px; margin-bottom: 45px;\">\r\n            <p style=\"border-bottom: solid #333 2px; padding-bottom: 5px; font-weight: 900; font-size: 16px;\">Sponsored<\/p>\r\n                            <div class=\"preview-inside-article\">\r\n                    <div class=\"post-image\">\r\n                        <a style=\" text-decoration: none;\" href=\"https:\/\/dev.vegconom.de\/germany\/stellenanzeigen\/mediaberater-m-w-d-gesucht-20-30-stunden-woche\/\">\r\n                                                    <\/a>\r\n                    <\/div>\r\n                    <div class=\"entry-header\">\r\n                        <a\r\n                            style=\"color: #333; font-size:18px!important; text-decoration: none;\" href=\"https:\/\/dev.vegconom.de\/germany\/stellenanzeigen\/mediaberater-m-w-d-gesucht-20-30-stunden-woche\/\">\r\n                            Mediaberater (m\/w\/d) gesucht (20-30 Stunden\/Woche)                        <\/a>\r\n                    <\/div>\r\n                <\/div>\r\n                        <\/div>\r\n        <\/div>\n<figure id=\"attachment_29174\" aria-describedby=\"caption-attachment-29174\" style=\"width: 668px\" class=\"wp-caption aligncenter\"><img loading=\"lazy\" decoding=\"async\" class=\"wp-image-29174 size-full\" src=\"https:\/\/dev.vegconom.de\/germany\/wp-content\/uploads\/sites\/2\/klima-umwelt-co2-\u00f6kologisch-nachhaltig.jpeg\" alt=\"\" width=\"678\" height=\"429\" srcset=\"https:\/\/dev.vegconom.de\/germany\/wp-content\/uploads\/sites\/2\/klima-umwelt-co2-\u00f6kologisch-nachhaltig.jpeg 678w, https:\/\/dev.vegconom.de\/germany\/wp-content\/uploads\/sites\/2\/klima-umwelt-co2-\u00f6kologisch-nachhaltig-300x190.jpeg 300w, https:\/\/dev.vegconom.de\/germany\/wp-content\/uploads\/sites\/2\/klima-umwelt-co2-\u00f6kologisch-nachhaltig-150x95.jpeg 150w\" sizes=\"auto, (max-width: 678px) 100vw, 678px\" \/><figcaption id=\"caption-attachment-29174\" class=\"wp-caption-text\">\u00a9 Tamara &#8211; stock.adobe<\/figcaption><\/figure>\n<p>Die Anstrengungen auf dem Weg zu netto null umfassen drei Hauptbereiche:&nbsp;<\/p>\n<ul>\n<li>Nestl\u00e9 arbeitet bereits mit mehr als 500 000 Bauern und 150 000 Lieferanten zusammen, um sie bei der Anwendung von <strong>regenerativen Anbauverfahren<\/strong> zu unterst\u00fctzen. Diese Methoden verbessern die Bodengesundheit und stellen \u00d6kosysteme wieder her. Nestl\u00e9 erh\u00f6ht im Gegenzug die Abnahmemengen, zahlt einen Aufpreis f\u00fcr die Produkte und beteiligt sich an den erforderlichen Investitionen. Das Unternehmen rechnet, bis 2030 mehr als 14 Millionen Tonnen seiner Zutaten aus regenerativer Landwirtschaft zu beziehen und damit die Nachfrage nach solchen Erzeugnissen anzukurbeln. Nestl\u00e9 weitet auch sein Wiederaufforstungsprogramm aus. Das Unternehmen wird in den n\u00e4chsten zehn Jahren in den Erzeugerl\u00e4ndern j\u00e4hrlich 20 Millionen B\u00e4ume anpflanzen. Mehr B\u00e4ume bedeuten mehr Schatten f\u00fcr die Anbaupflanzen, mehr Bindung von Kohlenstoff aus der Atmosph\u00e4re, h\u00f6here Ertr\u00e4ge und Biodiversit\u00e4t sowie ges\u00fcndere B\u00f6den. Bis 2022 werden die Lieferketten der wichtigsten Agrarerzeugnisse wie Palm\u00f6l und Soja abholzungsfrei sein. Diese und \u00e4hnliche Anstrengungen erm\u00f6glichen es dem Unternehmen, langfristige Partnerschaften zu schliessen und bieten der l\u00e4ndlichen Bev\u00f6lkerung gr\u00f6ssere Sicherheit und h\u00f6here Einkommen.<\/li>\n<li>Bei seiner <strong>operativen T\u00e4tigkeit<\/strong> plant Nestl\u00e9, innerhalb der n\u00e4chsten f\u00fcnf Jahre s\u00e4mtliche 800 Standorte in 187 L\u00e4ndern auf 100% Strom aus erneuerbarer Energie umzustellen. Bis 2022 stellt das Unternehmen seinen globalen Fuhrpark auf Fahrzeuge mit niedrigeren Emissionswerten um. Nestl\u00e9 wird au\u00dferdem Gesch\u00e4ftsreisen reduzieren und kompensieren. Dar\u00fcber hinaus trifft Nestl\u00e9 Massnahmen zum Schutz und zur Regenerierung von Gew\u00e4ssern und zur Vermeidung von Lebensmittelabf\u00e4llen in der Produktion.<\/li>\n<li>&nbsp;Innerhalb seines <strong>Produktportfolios<\/strong> baut Nestl\u00e9 das Angebot an pflanzlichen Lebensmitteln und Getr\u00e4nken kontinuierlich aus und passt die Rezepturen von Produkten an, um sie umweltfreundlicher zu machen. Das Unternehmen bietet mehr \u00abCO2 -neutrale\u00bb Marken an, um den Konsumenten die M\u00f6glichkeit zu geben, einen pers\u00f6nlichen Beitrag zur Bek\u00e4mpfung des Klimawandels zu leisten. Pflanzliche Lebensmittel von Garden Gourmet sowie Nahrungserg\u00e4nzungsmittel von Garden of Life werden bis 2022 CO2 -Neutralit\u00e4t erreichen; dasselbe gilt bis 2025 f\u00fcr pflanzliche Lebensmittel von Sweet Earth und weitere Marken. Sie erg\u00e4nzen die Verpflichtung von Nespresso, S.Pellegrino, Perrier und Acqua Panna zur CO2 -Neutralit\u00e4t bis 2022 und von der restlichen Nestl\u00e9 Waters-Kategorie, welche dasselbe Ziel bis 2025 erreichen will.\n<p><figure id=\"attachment_35807\" aria-describedby=\"caption-attachment-35807\" style=\"width: 789px\" class=\"wp-caption aligncenter\"><img loading=\"lazy\" decoding=\"async\" class=\"wp-image-35807 size-full\" src=\"https:\/\/dev.vegconom.de\/germany\/wp-content\/uploads\/sites\/2\/Nestle-fe-accelerator.jpg\" alt=\"\" width=\"799\" height=\"532\" srcset=\"https:\/\/dev.vegconom.de\/germany\/wp-content\/uploads\/sites\/2\/Nestle-fe-accelerator.jpg 799w, https:\/\/dev.vegconom.de\/germany\/wp-content\/uploads\/sites\/2\/Nestle-fe-accelerator-300x200.jpg 300w, https:\/\/dev.vegconom.de\/germany\/wp-content\/uploads\/sites\/2\/Nestle-fe-accelerator-150x100.jpg 150w, https:\/\/dev.vegconom.de\/germany\/wp-content\/uploads\/sites\/2\/Nestle-fe-accelerator-768x511.jpg 768w\" sizes=\"auto, (max-width: 799px) 100vw, 799px\" \/><figcaption id=\"caption-attachment-35807\" class=\"wp-caption-text\">Nestl\u00e9s neuer F&amp;E-Accelerator f\u00fcr pflanzliche Milchalternativen in in Konolfingen in der Schweiz \u00a9 Nestl\u00e9<\/figcaption><\/figure><\/li>\n<\/ul>\n<p>Magdi Batato, Executive Vice President und Head of Operations, erkl\u00e4rte: &#8222;Fast zwei Drittel unserer Emissionen stammen aus der Landwirtschaft. Daher liegt es auf der Hand, dass die regenerative Landwirtschaft und die Wiederaufforstung Schwerpunkte auf unserem Weg zu Netto-Null-Emissionen bilden. Mithilfe dieser Anstrengungen werden die Emissionen reduziert und die Biodiversit\u00e4t auf allen Ebenen erh\u00f6ht. Wir werden auch weiterhin Emissionen aus unserer operativen T\u00e4tigkeit eliminieren und Verbesserungen an unserem Produktportfolio vornehmen. Es wartet viel Arbeit auf uns, aber wir sind entschlossen, diesen Weg zu gehen.&#8220;<\/p>\n<p>Nestl\u00e9 in Deutschland konnte bis heute den \u00f6kologischen Fu\u00dfabdruck in wichtigen Bereichen reduzieren. So wurde der spezifische CO2-Aussto\u00df seit 2010 um 67,7 Prozent und der spezifische Wasserverbrauch um 42,3 Prozent reduziert. Gleichzeitig stieg der Anteil des Strombezugs aus erneuerbaren Quellen auf insgesamt 41,4 Prozent. Durch energieeffiziente Produktionsanlagen konnten weiterhin erhebliche Mengen an Energie eingespart werden. So wurden 2019 etwa im Maggi Werk L\u00fcdinghausen durch Anlagen mit W\u00e4rme- und Feuchte-R\u00fcckgewinnung 3.800 MWh weniger Strom verbraucht \u2013 genug, um ca. 800 Haushalte zu heizen.<\/p>\n<figure id=\"attachment_35641\" aria-describedby=\"caption-attachment-35641\" style=\"width: 290px\" class=\"wp-caption alignright\"><img loading=\"lazy\" decoding=\"async\" class=\"size-medium wp-image-35641\" src=\"https:\/\/dev.vegconom.de\/germany\/wp-content\/uploads\/sites\/2\/garden-gourmet-sensational-burger-300x200.jpg\" alt=\"\" width=\"300\" height=\"200\" srcset=\"https:\/\/dev.vegconom.de\/germany\/wp-content\/uploads\/sites\/2\/garden-gourmet-sensational-burger-300x200.jpg 300w, https:\/\/dev.vegconom.de\/germany\/wp-content\/uploads\/sites\/2\/garden-gourmet-sensational-burger-150x100.jpg 150w, https:\/\/dev.vegconom.de\/germany\/wp-content\/uploads\/sites\/2\/garden-gourmet-sensational-burger.jpg 540w\" sizes=\"auto, (max-width: 300px) 100vw, 300px\" \/><figcaption id=\"caption-attachment-35641\" class=\"wp-caption-text\">\u00a9 Garden Gourmet<\/figcaption><\/figure>\n<p>Zur Verringerung des Treibhausgasaussto\u00dfes tr\u00e4gt dar\u00fcber hinaus das erweiterte <a href=\"https:\/\/dev.vegconom.de\/germany\/food-and-beverage\/nestle-vegan-burger-von-garden-gourmet-startet-mit-sensationeller-neuer-rezeptur-durch\/\">pflanzenbasierte Produktportfolio von Garden Gourmet<\/a> mit besserer Umweltbilanz bei. So verursacht etwa eine vegane Sensational Bratwurst auf Soja-Basis in der Produktion 80 Prozent weniger Landnutzung, 90 Prozent weniger Wasser und 90 Prozent weniger CO2 im Vergleich zu einer Schweinebratwurst.<\/p>\n<p>Das Unternehmen rechnet in den n\u00e4chsten Jahren mit Investitionen von insgesamt CHF 3,2 Milliarden, um den Prozess zu beschleunigen. Dazu geh\u00f6ren CHF 1,2 Milliarden f\u00fcr die Einf\u00fchrung der regenerativen Landwirtschaft entlang der gesamten Lieferkette des Unternehmens. Diese Investitionen werden prim\u00e4r durch operative und strukturelle Effizienzsteigerungen finanziert, um die Initiative ergebnisneutral zu gestalten.&nbsp;<\/p>\n<p>Die&nbsp;<a href=\"https:\/\/sciencebasedtargets.org\/\" target=\"_blank\" rel=\"noopener noreferrer\">\u00abScience-Based Targets Initiative\u00bb&nbsp;<\/a>(SBTi) hat den Aktionsplan zur Reduktion von Treibhausgasen \u00fcberpr\u00fcft und best\u00e4tigt, dass die Massnahmen von Nestl\u00e9 die Kriterien zur Erreichung des Pariser Abkommens erf\u00fcllen. SBTi ist aus der Zusammenarbeit gemeinn\u00fctziger Organisation entstanden. Sie gilt als Goldstandard f\u00fcr die Bewertung von Netto-Null-Verpflichtungen. Nestl\u00e9 wird j\u00e4hrlich transparent \u00fcber die erzielten Fortschritte berichten.<\/p>\n<div class=\"vegco-after-content\" id=\"vegco-3907638832\"><hr>\r\n<p style=\"background-color: #e0e0e0; padding: 15px;\"><strong>Jetzt vegconomist+ Unterst\u00fctzer:in werden!<\/strong>\r\n<br>\r\nvegconomist publiziert unabh\u00e4ngig von gro\u00dfen Verlagen. Ihre Unterst\u00fctzung hilft uns dabei, auf vegconomist.de frei zug\u00e4nglich f\u00fcr alle zu bleiben.\r\n<br>\r\n<a href=\"https:\/\/dev.vegconom.de\/germany\/vegconomist-plus\/\">>>> Jetzt unterst\u00fctzen<\/a><\/p><\/div>","protected":false},"excerpt":{"rendered":"<p>Als Unterzeichner der UN-Verpflichtung \u00abBusiness Ambition for 1.5\u00b0C\u00bb legt Nestl\u00e9 als eines der ersten Unternehmen vorzeitig seinen detaillierten Aktionsplan vor. Das Unternehmen ergreift Massnahmen, um seine Emissionen bis 2030 zu halbieren und sie bis 2050 auf netto null zu senken \u2013 und dies unter Einbezug des zu erwartenden Wachstums.<\/p>\n","protected":false},"author":6,"featured_media":13288,"comment_status":"closed","ping_status":"closed","sticky":false,"template":"","format":"standard","meta":{"_mo_disable_npp":"","ngg_post_thumbnail":0,"footnotes":""},"categories":[57804,76,50811],"tags":[17790],"unternehmen":[268],"regional":[],"technicaltags":[],"class_list":["post-35797","post","type-post","status-publish","format-standard","has-post-thumbnail","hentry","category-verpackung","category-neue-produkte","category-unternehmen","tag-emissionen","unternehmen-nestle","infinite-scroll-item"],"_links":{"self":[{"href":"https:\/\/dev.vegconom.de\/germany\/wp-json\/wp\/v2\/posts\/35797","targetHints":{"allow":["GET"]}}],"collection":[{"href":"https:\/\/dev.vegconom.de\/germany\/wp-json\/wp\/v2\/posts"}],"about":[{"href":"https:\/\/dev.vegconom.de\/germany\/wp-json\/wp\/v2\/types\/post"}],"author":[{"embeddable":true,"href":"https:\/\/dev.vegconom.de\/germany\/wp-json\/wp\/v2\/users\/6"}],"replies":[{"embeddable":true,"href":"https:\/\/dev.vegconom.de\/germany\/wp-json\/wp\/v2\/comments?post=35797"}],"version-history":[{"count":1,"href":"https:\/\/dev.vegconom.de\/germany\/wp-json\/wp\/v2\/posts\/35797\/revisions"}],"predecessor-version":[{"id":93444,"href":"https:\/\/dev.vegconom.de\/germany\/wp-json\/wp\/v2\/posts\/35797\/revisions\/93444"}],"wp:featuredmedia":[{"embeddable":true,"href":"https:\/\/dev.vegconom.de\/germany\/wp-json\/wp\/v2\/media\/13288"}],"wp:attachment":[{"href":"https:\/\/dev.vegconom.de\/germany\/wp-json\/wp\/v2\/media?parent=35797"}],"wp:term":[{"taxonomy":"category","embeddable":true,"href":"https:\/\/dev.vegconom.de\/germany\/wp-json\/wp\/v2\/categories?post=35797"},{"taxonomy":"post_tag","embeddable":true,"href":"https:\/\/dev.vegconom.de\/germany\/wp-json\/wp\/v2\/tags?post=35797"},{"taxonomy":"unternehmen","embeddable":true,"href":"https:\/\/dev.vegconom.de\/germany\/wp-json\/wp\/v2\/unternehmen?post=35797"},{"taxonomy":"regional","embeddable":true,"href":"https:\/\/dev.vegconom.de\/germany\/wp-json\/wp\/v2\/regional?post=35797"},{"taxonomy":"technicaltags","embeddable":true,"href":"https:\/\/dev.vegconom.de\/germany\/wp-json\/wp\/v2\/technicaltags?post=35797"}],"curies":[{"name":"wp","href":"https:\/\/api.w.org\/{rel}","templated":true}]}}