{"id":5027,"date":"2022-03-24T19:51:16","date_gmt":"2022-03-24T18:51:16","guid":{"rendered":"https:\/\/dev.vegconom.de\/fr\/?p=5027"},"modified":"2022-03-28T21:42:55","modified_gmt":"2022-03-28T19:42:55","slug":"le-premier-bar-a-desserts-veganes-et-a-base-de-biere-de-france-vient-douvrir-dans-le-val-doise","status":"publish","type":"post","link":"https:\/\/dev.vegconom.de\/fr\/a-la-une-de-la-presse-vegane\/le-premier-bar-a-desserts-veganes-et-a-base-de-biere-de-france-vient-douvrir-dans-le-val-doise\/","title":{"rendered":"Le premier bar \u00e0 desserts v\u00e9ganes (et \u00e0 base de bi\u00e8re !) de France vient d&rsquo;ouvrir dans le Val-d&rsquo;Oise"},"content":{"rendered":"<p>Un bar \u00e0 desserts v\u00e9ganes, appel\u00e9 <a href=\"https:\/\/www.facebook.com\/infinimentbiere\" target=\"_blank\" rel=\"noopener\">Infiniment Bi\u00e8re<\/a>, a ouvert le mardi 15 mars \u00e0 d&rsquo;Enghien-les-Bains, dans le Val-d&rsquo;Oise. Il s&rsquo;agit d&rsquo;une premi\u00e8re en France.<\/p>\n<p>Ce concept a \u00e9t\u00e9 d\u00e9velopp\u00e9 par \u00c9milie et Julien, deux entrepreneurs passionn\u00e9s qui ont ouvert en 2017 <a href=\"https:\/\/www.facebook.com\/Terrabiere\" target=\"_blank\" rel=\"noopener\">Terrabi\u00e8re<\/a>, la premi\u00e8re microbrasserie z\u00e9ro d\u00e9chet de la Vall\u00e9e de Montmorency. C&rsquo;est d&rsquo;ailleurs avec l&rsquo;id\u00e9e de revaloriser les d\u00e9chets de la production de bi\u00e8re qu&rsquo;est n\u00e9e l&rsquo;id\u00e9e d&rsquo;ouvrir un bar \u00e0 desserts v\u00e9ganes. En effet, les p\u00e2tisseries in\u00e9dites que propose le bar sont bel et bien \u00e0 base de bi\u00e8re.<\/p>\n<p>\u00ab\u00a0Notre d\u00e9marche \u00e9cologique nous a amen\u00e9 \u00e0 r\u00e9fl\u00e9chir sur la revalorisation des d\u00e9chets de brassage de bi\u00e8re. C\u2019est de l\u00e0 qu\u2019est n\u00e9\u00a0le projet de p\u00e2tisserie v\u00e9g\u00e9tale \u00e0 base de dr\u00eaches (r\u00e9sidus de brassage riche de nutriments) \u00ab\u00a0Infiniment Bi\u00e8re\u00a0\u00bb que nous souhaitons lancer cette ann\u00e9e, en 2022&Prime;, <a href=\"https:\/\/bluebees.fr\/fr\/project\/983-infiniment-biere?fbclid=IwAR3X5uARkjcVGeg80QUfiiwHzJ38pBoZaXluZ5qHfOmSpo3D4hLEO6JLnP4\" target=\"_blank\" rel=\"noopener\">ont expliqu\u00e9<\/a> les deux co-fondateurs.<\/p>\n<figure id=\"attachment_5032\" aria-describedby=\"caption-attachment-5032\" style=\"width: 586px\" class=\"wp-caption aligncenter\"><img loading=\"lazy\" decoding=\"async\" class=\" wp-image-5032\" src=\"https:\/\/dev.vegconom.de\/vegconomistfr\/wp-content\/uploads\/sites\/12\/2022\/03\/Emilie_Julien_Stock-300x200.jpg\" alt=\" Infiniment Bi\u00e8re\" width=\"596\" height=\"396\" srcset=\"https:\/\/dev.vegconom.de\/fr\/wp-content\/uploads\/sites\/12\/2022\/03\/Emilie_Julien_Stock-300x200.jpg 300w, https:\/\/dev.vegconom.de\/fr\/wp-content\/uploads\/sites\/12\/2022\/03\/Emilie_Julien_Stock-768x512.jpg 768w\" sizes=\"auto, (max-width: 596px) 100vw, 596px\" \/><figcaption id=\"caption-attachment-5032\" class=\"wp-caption-text\">Emilie et Julien \u00a9 Infiniment Bi\u00e8re<\/figcaption><\/figure>\n<p>Ainsi, certaines p\u00e2tisseries propos\u00e9es sont r\u00e9alis\u00e9es \u00e0 partir des dr\u00eaches, un r\u00e9sidu du brassage de l&rsquo;orge riche en nutriments. Afin d&rsquo;inclure tout type de clients, y compris ceux ayant des allergies, le choix de propos\u00e9 des desserts 100 % v\u00e9ganes \u00e9tait une \u00e9vidence pour Infiniment Bi\u00e8re.<\/p>\n<p>Une inauguration en avant-premi\u00e8re a \u00e9galement eu lieu le 13 mars en pr\u00e9sence de deux invit\u00e9s d&rsquo;honneur :<\/p>\n<ul>\n<li>la marraine du bar \u00e0 dessert, Linda Vongdara. Elle est formatrice en p\u00e2tisserie v\u00e9gane, auteure culinaire et consultante (notamment aupr\u00e8s de Pierre Herm\u00e9).<\/li>\n<li><a href=\"https:\/\/www.francebleu.fr\/emissions\/environnement-plus-de-temps-a-perdre\/touraine\/tours-juliette-draux-est-premiere-patissiere-vegetale-de-france\" target=\"_blank\" rel=\"noopener\">l<\/a>a <a href=\"https:\/\/dev.vegconom.de\/fr\/alimentation-et-boissons\/16-octobre-2021-assistez-a-la-premiere-edition-des-journees-ethique-animale-alimentation-vegetale-et-au-premier-concours-de-patisserie-vegetale\/\">championne de France 2021 de p\u00e2tisserie V\u00e9g\u00e9tale<\/a>, Juliette Draux. Elle est la g\u00e9rante de <a href=\"https:\/\/www.linstantours.com\/\" target=\"_blank\" rel=\"noopener\">l&rsquo;Instant<\/a>, un caf\u00e9\/salon de th\u00e9\/p\u00e2tisserie v\u00e9gane install\u00e9 \u00e0 Tours. \u00c0 l&rsquo;occasion de l&rsquo;inauguration, elle a pr\u00e9sent\u00e9 l&rsquo;une de ses p\u00e2tisseries Signature et deux workshops de p\u00e2tisserie.<\/li>\n<\/ul>\n<figure id=\"attachment_5037\" aria-describedby=\"caption-attachment-5037\" style=\"width: 477px\" class=\"wp-caption aligncenter\"><img loading=\"lazy\" decoding=\"async\" class=\" wp-image-5037\" src=\"https:\/\/dev.vegconom.de\/vegconomistfr\/wp-content\/uploads\/sites\/12\/2022\/03\/277295790_276324221352237_627519-225x300.jpg\" alt=\"Infiniment Bi\u00e8re\" width=\"487\" height=\"649\" srcset=\"https:\/\/dev.vegconom.de\/fr\/wp-content\/uploads\/sites\/12\/2022\/03\/277295790_276324221352237_627519-225x300.jpg 225w, https:\/\/dev.vegconom.de\/fr\/wp-content\/uploads\/sites\/12\/2022\/03\/277295790_276324221352237_627519-768x1024.jpg 768w, https:\/\/dev.vegconom.de\/fr\/wp-content\/uploads\/sites\/12\/2022\/03\/277295790_276324221352237_627519-1152x1536.jpg 1152w, https:\/\/dev.vegconom.de\/fr\/wp-content\/uploads\/sites\/12\/2022\/03\/277295790_276324221352237_627519-1320x1760.jpg 1320w, https:\/\/dev.vegconom.de\/fr\/wp-content\/uploads\/sites\/12\/2022\/03\/277295790_276324221352237_627519.jpg 1536w\" sizes=\"auto, (max-width: 487px) 100vw, 487px\" \/><figcaption id=\"caption-attachment-5037\" class=\"wp-caption-text\">\u00a9 Infiniment Bi\u00e8re<\/figcaption><\/figure>\n","protected":false},"excerpt":{"rendered":"<p>Un bar \u00e0 desserts v\u00e9ganes, appel\u00e9 Infiniment Bi\u00e8re, a ouvert le mardi 15 mars \u00e0 d&rsquo;Enghien-les-Bains, dans le Val-d&rsquo;Oise. Il s&rsquo;agit d&rsquo;une premi\u00e8re en France. Ce concept a \u00e9t\u00e9 d\u00e9velopp\u00e9 par \u00c9milie et Julien, deux entrepreneurs passionn\u00e9s qui ont ouvert en 2017 Terrabi\u00e8re, la premi\u00e8re microbrasserie z\u00e9ro d\u00e9chet de la Vall\u00e9e de Montmorency. C&rsquo;est d&rsquo;ailleurs avec l&rsquo;id\u00e9e de revaloriser les d\u00e9chets de la production de bi\u00e8re qu&rsquo;est n\u00e9e l&rsquo;id\u00e9e d&rsquo;ouvrir un bar \u00e0 desserts v\u00e9ganes. En effet, les p\u00e2tisseries in\u00e9dites que propose le bar sont bel et bien \u00e0 base de bi\u00e8re. \u00ab\u00a0Notre d\u00e9marche \u00e9cologique nous a amen\u00e9 \u00e0 r\u00e9fl\u00e9chir sur la revalorisation des d\u00e9chets de brassage de bi\u00e8re. C\u2019est de l\u00e0 qu\u2019est n\u00e9\u00a0le projet de p\u00e2tisserie v\u00e9g\u00e9tale \u00e0 base &#8230; <\/p>\n<p class=\"read-more-container\"><a title=\"Le premier bar \u00e0 desserts v\u00e9ganes (et \u00e0 base de bi\u00e8re !) de France vient d&rsquo;ouvrir dans le Val-d&rsquo;Oise\" class=\"read-more button\" href=\"https:\/\/dev.vegconom.de\/fr\/a-la-une-de-la-presse-vegane\/le-premier-bar-a-desserts-veganes-et-a-base-de-biere-de-france-vient-douvrir-dans-le-val-doise\/#more-5027\" aria-label=\"En savoir plus sur Le premier bar \u00e0 desserts v\u00e9ganes (et \u00e0 base de bi\u00e8re !) de France vient d&rsquo;ouvrir dans le Val-d&rsquo;Oise\">plus<\/a><\/p>\n","protected":false},"author":42,"featured_media":5031,"comment_status":"closed","ping_status":"closed","sticky":false,"template":"","format":"standard","meta":{"ngg_post_thumbnail":0,"footnotes":""},"categories":[99,94],"tags":[1601,920,1608,115],"class_list":["post-5027","post","type-post","status-publish","format-standard","has-post-thumbnail","hentry","category-a-la-une-de-la-presse-vegane","category-gastronomie-et-restauration","tag-bar","tag-biere","tag-desserts","tag-vegane","infinite-scroll-item"],"_links":{"self":[{"href":"https:\/\/dev.vegconom.de\/fr\/wp-json\/wp\/v2\/posts\/5027","targetHints":{"allow":["GET"]}}],"collection":[{"href":"https:\/\/dev.vegconom.de\/fr\/wp-json\/wp\/v2\/posts"}],"about":[{"href":"https:\/\/dev.vegconom.de\/fr\/wp-json\/wp\/v2\/types\/post"}],"author":[{"embeddable":true,"href":"https:\/\/dev.vegconom.de\/fr\/wp-json\/wp\/v2\/users\/42"}],"replies":[{"embeddable":true,"href":"https:\/\/dev.vegconom.de\/fr\/wp-json\/wp\/v2\/comments?post=5027"}],"version-history":[{"count":8,"href":"https:\/\/dev.vegconom.de\/fr\/wp-json\/wp\/v2\/posts\/5027\/revisions"}],"predecessor-version":[{"id":5083,"href":"https:\/\/dev.vegconom.de\/fr\/wp-json\/wp\/v2\/posts\/5027\/revisions\/5083"}],"wp:featuredmedia":[{"embeddable":true,"href":"https:\/\/dev.vegconom.de\/fr\/wp-json\/wp\/v2\/media\/5031"}],"wp:attachment":[{"href":"https:\/\/dev.vegconom.de\/fr\/wp-json\/wp\/v2\/media?parent=5027"}],"wp:term":[{"taxonomy":"category","embeddable":true,"href":"https:\/\/dev.vegconom.de\/fr\/wp-json\/wp\/v2\/categories?post=5027"},{"taxonomy":"post_tag","embeddable":true,"href":"https:\/\/dev.vegconom.de\/fr\/wp-json\/wp\/v2\/tags?post=5027"}],"curies":[{"name":"wp","href":"https:\/\/api.w.org\/{rel}","templated":true}]}}