{"id":113452,"date":"2024-07-16T15:44:28","date_gmt":"2024-07-16T13:44:28","guid":{"rendered":"https:\/\/dev.vegconom.de\/germany\/?p=113452"},"modified":"2024-07-16T15:20:09","modified_gmt":"2024-07-16T13:20:09","slug":"neue-umfrage-von-swissveg-fleischwerbung","status":"publish","type":"post","link":"https:\/\/dev.vegconom.de\/germany\/studien-und-zahlen\/neue-umfrage-von-swissveg-fleischwerbung\/","title":{"rendered":"Neue Umfrage von Swissveg zeigt: Mehrheit der Bev\u00f6lkerung lehnt Steuergelder f\u00fcr Fleischwerbung ab"},"content":{"rendered":"<p style=\"text-align: center\"><strong>Die Mehrheit der Verbraucher in der Schweiz sieht die Subventionspolitik im eigenen Land kritisch.<\/strong><\/p>\n<p>Der Bund subventioniert j\u00e4hrlich die Fleischlobbyorganisation Proviande mit vielen Millionen Franken \u2013 rund 6 Millionen werden davon f\u00fcr die Fleischwerbung verwendet. Laut dem Bundesamt f\u00fcr Lebensmittelsicherheit und Veterin\u00e4rwesen (BLV) wird in der <a href=\"https:\/\/dev.vegconom.de\/germany\/region\/schweiz\/\">Schweiz<\/a> jedoch mehr als das Dreifache der empfohlenen Menge Fleisch konsumiert.<\/p>\n<p>Doch viele Verbraucher sehen die Verwendung von Steuergeldern, um den <a href=\"https:\/\/dev.vegconom.de\/germany\/thema\/fleischkonsum\/\">Fleischkonsum<\/a> weiter zu erh\u00f6hen beziehungsweise auf hohem Niveau zu halten, kritisch. Laut neuer <a href=\"https:\/\/dev.vegconom.de\/germany\/organisationen-und-marken\/swissveg\/\">Swissveg<\/a>-Umfrage vom Mai 2024 sind 59 % der Befragten der Meinung, dass dies keinen Sinn macht.<\/p><div class=\"vegco-after-3rd-paragraph-in-content-desktop-only\" style=\"margin-top: 20px;margin-bottom: 45px;\" id=\"vegco-3964864315\">        <div class=\"sponsored-post-container advadgroup\" style=\"margin-top: 12px; margin-bottom: 45px;\">\r\n            <p style=\"border-bottom: solid #333 2px; padding-bottom: 5px; font-weight: 900; font-size: 16px;\">Sponsored<\/p>\r\n                            <div class=\"preview-inside-article\">\r\n                    <div class=\"post-image\">\r\n                        <a style=\" text-decoration: none;\" href=\"https:\/\/dev.vegconom.de\/germany\/stellenanzeigen\/mediaberater-m-w-d-gesucht-20-30-stunden-woche\/\">\r\n                                                    <\/a>\r\n                    <\/div>\r\n                    <div class=\"entry-header\">\r\n                        <a\r\n                            style=\"color: #333; font-size:18px!important; text-decoration: none;\" href=\"https:\/\/dev.vegconom.de\/germany\/stellenanzeigen\/mediaberater-m-w-d-gesucht-20-30-stunden-woche\/\">\r\n                            Mediaberater (m\/w\/d) gesucht (20-30 Stunden\/Woche)                        <\/a>\r\n                    <\/div>\r\n                <\/div>\r\n                        <\/div>\r\n        <\/div>\n<p>In allen Altersgruppen lehnt die Mehrheit die Subventionspolitik der Schweiz ab. Am st\u00e4rksten ist die Ablehnung bei den \u00fcber 60-J\u00e4hrigen mit 68 % zu beobachten. Die Jungen (15 bis 29 Jahre) lehnen die Unterst\u00fctzung f\u00fcr die Fleischwerbung mit 54 % ab.<\/p>\n<figure id=\"attachment_113539\" aria-describedby=\"caption-attachment-113539\" style=\"width: 1014px\" class=\"wp-caption aligncenter\"><img loading=\"lazy\" decoding=\"async\" class=\"wp-image-113539 size-large\" src=\"https:\/\/assets.vegconom.de\/media\/wp-content\/uploads\/sites\/2\/2024\/07\/16151315\/Fleischwerbung-1_Umfrage_2024-swissveg-1024x700.jpg\" alt=\"swissveg grafik\" width=\"1024\" height=\"700\" srcset=\"https:\/\/assets.vegconom.de\/media\/wp-content\/uploads\/sites\/2\/2024\/07\/16151315\/Fleischwerbung-1_Umfrage_2024-swissveg-1024x700.jpg 1024w, https:\/\/assets.vegconom.de\/media\/wp-content\/uploads\/sites\/2\/2024\/07\/16151315\/Fleischwerbung-1_Umfrage_2024-swissveg-300x205.jpg 300w, https:\/\/assets.vegconom.de\/media\/wp-content\/uploads\/sites\/2\/2024\/07\/16151315\/Fleischwerbung-1_Umfrage_2024-swissveg-150x103.jpg 150w, https:\/\/assets.vegconom.de\/media\/wp-content\/uploads\/sites\/2\/2024\/07\/16151315\/Fleischwerbung-1_Umfrage_2024-swissveg-768x525.jpg 768w, https:\/\/assets.vegconom.de\/media\/wp-content\/uploads\/sites\/2\/2024\/07\/16151315\/Fleischwerbung-1_Umfrage_2024-swissveg-1536x1050.jpg 1536w, https:\/\/assets.vegconom.de\/media\/wp-content\/uploads\/sites\/2\/2024\/07\/16151315\/Fleischwerbung-1_Umfrage_2024-swissveg-1320x903.jpg 1320w, https:\/\/assets.vegconom.de\/media\/wp-content\/uploads\/sites\/2\/2024\/07\/16151315\/Fleischwerbung-1_Umfrage_2024-swissveg.jpg 1607w\" sizes=\"auto, (max-width: 1024px) 100vw, 1024px\" \/><figcaption id=\"caption-attachment-113539\" class=\"wp-caption-text\">\u00a9 Swissveg<\/figcaption><\/figure>\n<p>Die Ablehnung ist bei Frauen etwas gr\u00f6\u00dfer als bei M\u00e4nnern (64 % gegen\u00fcber 55 %). Naturgem\u00e4\u00df lehnt die \u00fcberwiegende Mehrheit der <a href=\"https:\/\/dev.vegconom.de\/germany\/studien-und-zahlen\/swissveg-ueber-vegane-markttrends-in-der-schweiz\/\">Veganer<\/a>, Vegetarier und Flexitarier diese Fleischabsatzf\u00f6rderung ab. Jedoch gibt es auch bei der omnivoren Bev\u00f6lkerung eine kleine Mehrheit von 51 %, welche ihre Steuergelder nicht f\u00fcr Fleischabsatzf\u00f6rderung eingesetzt sehen will.<\/p><div class=\"vegco-after-5th-paragraph-in-content-mobile-only\" style=\"margin-top: 20px;margin-bottom: 20px;\" id=\"vegco-181310770\"><div class=\"vegco-adlabel\">Anzeige<\/div>        <div class=\"sponsored-post-container advadgroup\" style=\"margin-top: 12px; margin-bottom: 45px;\">\r\n            <p style=\"border-bottom: solid #333 2px; padding-bottom: 5px; font-weight: 900; font-size: 16px;\">Sponsored<\/p>\r\n                            <div class=\"preview-inside-article\">\r\n                    <div class=\"post-image\">\r\n                        <a style=\" text-decoration: none;\" href=\"https:\/\/dev.vegconom.de\/germany\/stellenanzeigen\/mediaberater-m-w-d-gesucht-20-30-stunden-woche\/\">\r\n                                                    <\/a>\r\n                    <\/div>\r\n                    <div class=\"entry-header\">\r\n                        <a\r\n                            style=\"color: #333; font-size:18px!important; text-decoration: none;\" href=\"https:\/\/dev.vegconom.de\/germany\/stellenanzeigen\/mediaberater-m-w-d-gesucht-20-30-stunden-woche\/\">\r\n                            Mediaberater (m\/w\/d) gesucht (20-30 Stunden\/Woche)                        <\/a>\r\n                    <\/div>\r\n                <\/div>\r\n                        <\/div>\r\n        <\/div>\n<figure id=\"attachment_113540\" aria-describedby=\"caption-attachment-113540\" style=\"width: 520px\" class=\"wp-caption aligncenter\"><img loading=\"lazy\" decoding=\"async\" class=\"wp-image-113540\" src=\"https:\/\/assets.vegconom.de\/media\/wp-content\/uploads\/sites\/2\/2024\/07\/16151322\/Fleischwerbung-2_Umfrage_2024-swissveg-265x300.jpg\" alt=\"swissveg grafik\" width=\"530\" height=\"600\" srcset=\"https:\/\/assets.vegconom.de\/media\/wp-content\/uploads\/sites\/2\/2024\/07\/16151322\/Fleischwerbung-2_Umfrage_2024-swissveg-265x300.jpg 265w, https:\/\/assets.vegconom.de\/media\/wp-content\/uploads\/sites\/2\/2024\/07\/16151322\/Fleischwerbung-2_Umfrage_2024-swissveg-904x1024.jpg 904w, https:\/\/assets.vegconom.de\/media\/wp-content\/uploads\/sites\/2\/2024\/07\/16151322\/Fleischwerbung-2_Umfrage_2024-swissveg-132x150.jpg 132w, https:\/\/assets.vegconom.de\/media\/wp-content\/uploads\/sites\/2\/2024\/07\/16151322\/Fleischwerbung-2_Umfrage_2024-swissveg-768x870.jpg 768w, https:\/\/assets.vegconom.de\/media\/wp-content\/uploads\/sites\/2\/2024\/07\/16151322\/Fleischwerbung-2_Umfrage_2024-swissveg.jpg 1200w\" sizes=\"auto, (max-width: 530px) 100vw, 530px\" \/><figcaption id=\"caption-attachment-113540\" class=\"wp-caption-text\">\u00a9 Swissveg<\/figcaption><\/figure>\n<figure id=\"attachment_113541\" aria-describedby=\"caption-attachment-113541\" style=\"width: 461px\" class=\"wp-caption aligncenter\"><img loading=\"lazy\" decoding=\"async\" class=\"wp-image-113541\" src=\"https:\/\/assets.vegconom.de\/media\/wp-content\/uploads\/sites\/2\/2024\/07\/16151328\/Fleischwerbung-3_Umfrage_2024-swissveg-235x300.jpg\" alt=\"\" width=\"471\" height=\"600\" srcset=\"https:\/\/assets.vegconom.de\/media\/wp-content\/uploads\/sites\/2\/2024\/07\/16151328\/Fleischwerbung-3_Umfrage_2024-swissveg-235x300.jpg 235w, https:\/\/assets.vegconom.de\/media\/wp-content\/uploads\/sites\/2\/2024\/07\/16151328\/Fleischwerbung-3_Umfrage_2024-swissveg-804x1024.jpg 804w, https:\/\/assets.vegconom.de\/media\/wp-content\/uploads\/sites\/2\/2024\/07\/16151328\/Fleischwerbung-3_Umfrage_2024-swissveg-118x150.jpg 118w, https:\/\/assets.vegconom.de\/media\/wp-content\/uploads\/sites\/2\/2024\/07\/16151328\/Fleischwerbung-3_Umfrage_2024-swissveg-768x978.jpg 768w, https:\/\/assets.vegconom.de\/media\/wp-content\/uploads\/sites\/2\/2024\/07\/16151328\/Fleischwerbung-3_Umfrage_2024-swissveg.jpg 1200w\" sizes=\"auto, (max-width: 471px) 100vw, 471px\" \/><figcaption id=\"caption-attachment-113541\" class=\"wp-caption-text\">\u00a9 Swissveg<\/figcaption><\/figure>\n<p>Des Weiteren zeigt sich, dass die Schulbildung einen Einfluss auf die Meinung zur Subvention von Fleischwerbung hat: Personen mit einer h\u00f6heren Schulbildung lehnen sie zu Zweidritteln (67 %) ab, diejenigen mit mittlerer oder niedriger Schulbildung nur zu 53 %.<\/p>\n<p>Die Deutschschweiz und das Tessin sind sich mit 65 % beziehungsweise 67 % Ablehnung praktisch einig. Nur in der Romandie liegt sie bei lediglich 41 %. Die Zustimmung ist jedoch mit 38 % ebenfalls klein, w\u00e4hrend die restlichen Befragten keine Meinung dazu \u00e4u\u00dferten.<\/p>\n<p>Weitere Informationen: <a href=\"https:\/\/www.swissveg.ch\/\" target=\"_blank\" rel=\"noopener\">swissveg.ch<\/a><\/p>\n<div class=\"vegco-after-content\" id=\"vegco-2660967062\"><hr>\r\n<p style=\"background-color: #e0e0e0; padding: 15px;\">Unsere Betriebskosten steigen, die Erl\u00f6se stagnieren. Wenn Sie unsere Inhalte sch\u00e4tzen, k\u00f6nnen Sie unsere Arbeit mit einem vegconomist+ Unterst\u00fctzer-Abo f\u00f6rdern. Planbare Eink\u00fcnfte stellen sicher, dass wir unsere Produkte weiterhin unabh\u00e4ngig, reichweitenstark und kostenfrei zur Verf\u00fcgung stellen k\u00f6nnen.\r\n<br>\r\n<a href=\"https:\/\/dev.vegconom.de\/germany\/vegconomist-plus\/\">>>> Jetzt unterst\u00fctzen<\/a><\/p><\/div>","protected":false},"excerpt":{"rendered":"<p>Die Mehrheit der Verbraucher in der Schweiz sieht die Subventionspolitik im eigenen Land kritisch. Der Bund subventioniert j\u00e4hrlich die Fleischlobbyorganisation Proviande mit vielen Millionen Franken \u2013 rund 6 Millionen werden davon f\u00fcr die Fleischwerbung verwendet. Laut dem Bundesamt f\u00fcr Lebensmittelsicherheit und Veterin\u00e4rwesen (BLV) wird in der Schweiz jedoch mehr als das Dreifache der empfohlenen Menge Fleisch konsumiert. Doch viele Verbraucher sehen die Verwendung von Steuergeldern, um den Fleischkonsum weiter zu &#8230; <\/p>\n<p class=\"read-more-container\"><a title=\"Mediaberater (m\/w\/d) gesucht (20-30 Stunden\/Woche)\" class=\"read-more button\" href=\"https:\/\/dev.vegconom.de\/germany\/stellenanzeigen\/mediaberater-m-w-d-gesucht-20-30-stunden-woche\/#more-120498\" aria-label=\"Mehr Informationen \u00fcber Mediaberater (m\/w\/d) gesucht (20-30 Stunden\/Woche)\">mehr<\/a><\/p>\n","protected":false},"author":6,"featured_media":74616,"comment_status":"closed","ping_status":"closed","sticky":false,"template":"","format":"standard","meta":{"_mo_disable_npp":"","ngg_post_thumbnail":0,"footnotes":""},"categories":[252,80,47658],"tags":[1037,6862,537,57247,44750,56607,515],"unternehmen":[22419],"regional":[67],"technicaltags":[],"class_list":["post-113452","post","type-post","status-publish","format-standard","has-post-thumbnail","hentry","category-studien-und-zahlen","category-food-and-beverage","category-top-themen","tag-fleischkonsum","tag-flexitarier","tag-frau","tag-konsum","tag-maenner","tag-umfrage","tag-vegetarier","unternehmen-swissveg","regional-schweiz","infinite-scroll-item"],"_links":{"self":[{"href":"https:\/\/dev.vegconom.de\/germany\/wp-json\/wp\/v2\/posts\/113452","targetHints":{"allow":["GET"]}}],"collection":[{"href":"https:\/\/dev.vegconom.de\/germany\/wp-json\/wp\/v2\/posts"}],"about":[{"href":"https:\/\/dev.vegconom.de\/germany\/wp-json\/wp\/v2\/types\/post"}],"author":[{"embeddable":true,"href":"https:\/\/dev.vegconom.de\/germany\/wp-json\/wp\/v2\/users\/6"}],"replies":[{"embeddable":true,"href":"https:\/\/dev.vegconom.de\/germany\/wp-json\/wp\/v2\/comments?post=113452"}],"version-history":[{"count":7,"href":"https:\/\/dev.vegconom.de\/germany\/wp-json\/wp\/v2\/posts\/113452\/revisions"}],"predecessor-version":[{"id":113544,"href":"https:\/\/dev.vegconom.de\/germany\/wp-json\/wp\/v2\/posts\/113452\/revisions\/113544"}],"wp:featuredmedia":[{"embeddable":true,"href":"https:\/\/dev.vegconom.de\/germany\/wp-json\/wp\/v2\/media\/74616"}],"wp:attachment":[{"href":"https:\/\/dev.vegconom.de\/germany\/wp-json\/wp\/v2\/media?parent=113452"}],"wp:term":[{"taxonomy":"category","embeddable":true,"href":"https:\/\/dev.vegconom.de\/germany\/wp-json\/wp\/v2\/categories?post=113452"},{"taxonomy":"post_tag","embeddable":true,"href":"https:\/\/dev.vegconom.de\/germany\/wp-json\/wp\/v2\/tags?post=113452"},{"taxonomy":"unternehmen","embeddable":true,"href":"https:\/\/dev.vegconom.de\/germany\/wp-json\/wp\/v2\/unternehmen?post=113452"},{"taxonomy":"regional","embeddable":true,"href":"https:\/\/dev.vegconom.de\/germany\/wp-json\/wp\/v2\/regional?post=113452"},{"taxonomy":"technicaltags","embeddable":true,"href":"https:\/\/dev.vegconom.de\/germany\/wp-json\/wp\/v2\/technicaltags?post=113452"}],"curies":[{"name":"wp","href":"https:\/\/api.w.org\/{rel}","templated":true}]}}