{"id":75523,"date":"2022-11-18T08:36:45","date_gmt":"2022-11-18T07:36:45","guid":{"rendered":"https:\/\/dev.vegconom.de\/germany\/?p=75523"},"modified":"2023-01-26T20:15:21","modified_gmt":"2023-01-26T19:15:21","slug":"bundesregierung-keine-zulassung-von-laborfleisch","status":"publish","type":"post","link":"https:\/\/dev.vegconom.de\/germany\/politik-gesellschaft\/politik\/bundesregierung-keine-zulassung-von-laborfleisch\/","title":{"rendered":"Bundesregierung: Keine Zulassung von Laborfleisch"},"content":{"rendered":"<figure id=\"attachment_63035\" aria-describedby=\"caption-attachment-63035\" style=\"width: 1014px\" class=\"wp-caption aligncenter\"><img loading=\"lazy\" decoding=\"async\" class=\"wp-image-63035 size-large\" src=\"https:\/\/dev.vegconom.de\/germany\/wp-content\/uploads\/sites\/2\/cultured-kultiviertes-fleisch-clean-meat-schweinefleisch-1024x681.jpeg\" alt=\"clean meat\" width=\"1024\" height=\"681\" srcset=\"https:\/\/dev.vegconom.de\/germany\/wp-content\/uploads\/sites\/2\/cultured-kultiviertes-fleisch-clean-meat-schweinefleisch-1024x681.jpeg 1024w, https:\/\/dev.vegconom.de\/germany\/wp-content\/uploads\/sites\/2\/cultured-kultiviertes-fleisch-clean-meat-schweinefleisch-300x200.jpeg 300w, https:\/\/dev.vegconom.de\/germany\/wp-content\/uploads\/sites\/2\/cultured-kultiviertes-fleisch-clean-meat-schweinefleisch-150x100.jpeg 150w, https:\/\/dev.vegconom.de\/germany\/wp-content\/uploads\/sites\/2\/cultured-kultiviertes-fleisch-clean-meat-schweinefleisch-768x511.jpeg 768w, https:\/\/dev.vegconom.de\/germany\/wp-content\/uploads\/sites\/2\/cultured-kultiviertes-fleisch-clean-meat-schweinefleisch-1536x1022.jpeg 1536w, https:\/\/dev.vegconom.de\/germany\/wp-content\/uploads\/sites\/2\/cultured-kultiviertes-fleisch-clean-meat-schweinefleisch-2048x1363.jpeg 2048w, https:\/\/dev.vegconom.de\/germany\/wp-content\/uploads\/sites\/2\/cultured-kultiviertes-fleisch-clean-meat-schweinefleisch-1320x878.jpeg 1320w\" sizes=\"auto, (max-width: 1024px) 100vw, 1024px\" \/><figcaption id=\"caption-attachment-63035\" class=\"wp-caption-text\">\u00a9 Visualmind &#8211; stock.adobe.com<\/figcaption><\/figure>\n<p>Nach Angaben der <a href=\"https:\/\/www.bundestag.de\/.enodia\/challenge?redirect=%2F\" target=\"_blank\" rel=\"noopener\">Bundesregierung<\/a> ist bislang kein Antrag auf Zulassung von sogenanntem <a href=\"https:\/\/dev.vegconom.de\/germany\/clean-meat-zellkultur-biotechnologie\/\">Laborfleisch<\/a> als neuartiges Lebensmittel bei der Europ\u00e4ischen Kommission gestellt worden. Eventuelle von Laborfleisch ausgehende Risiken f\u00fcr die Verbraucherinnen und Verbraucher seien der Bundesregierung daher nicht bekannt, hei\u00dft es in er Antwort (<a class=\"dipLink\" title=\"Die PDF-Datei Drucksache 20\/4251 \u00f6ffnet sich in einem neuen Fenster\" href=\"https:\/\/dserver.bundestag.de\/btd\/20\/042\/2004251.pdf\" target=\"_blank\" rel=\"noopener\"><i class=\"icon-doc\"><\/i>20\/4251<\/a>) auf eine Kleine Anfrage (<a class=\"dipLink\" title=\"Die PDF-Datei Drucksache 20\/3886 \u00f6ffnet sich in einem neuen Fenster\" href=\"https:\/\/dserver.bundestag.de\/btd\/20\/038\/2003886.pdf\" target=\"_blank\" rel=\"noopener\"><i class=\"icon-doc\"><\/i>20\/3886<\/a>) der AfD-Fraktion. Bisher f\u00f6rdere das Bundesministerium f\u00fcr Bildung und Forschung (BMBF) lediglich ein Projekt zur Technikfolgenabsch\u00e4tzung f\u00fcr Laborfleisch.<\/p>\n<p>In-vitro-Fleisch, sogenanntes Laborfleisch, werde unter labortechnischen Bedingungen hergestellt und solle dazu beitragen, den Fleischkonsum umweltfreundlicher und tiergerechter zu gestalten. <a href=\"https:\/\/dev.vegconom.de\/germany\/region\/singapur\/?utm_source=post_terms\">Singapur<\/a> sei im Jahr 2020 das erste Land gewesen, in dem die Herstellung von Fleisch aus Zellkulturen zugelassen worden sei.<\/p>\n<p>Weitere Informationen auf <a href=\"https:\/\/www.bundestag.de\/.enodia\/challenge?redirect=%2F\" target=\"_blank\" rel=\"noopener\">www.bundestag.de<\/a>.<\/p><div class=\"vegco-after-3rd-paragraph-in-content-desktop-only\" style=\"margin-top: 20px;margin-bottom: 45px;\" id=\"vegco-3784064455\">        <div class=\"sponsored-post-container advadgroup\" style=\"margin-top: 12px; margin-bottom: 45px;\">\r\n            <p style=\"border-bottom: solid #333 2px; padding-bottom: 5px; font-weight: 900; font-size: 16px;\">Sponsored<\/p>\r\n                            <div class=\"preview-inside-article\">\r\n                    <div class=\"post-image\">\r\n                        <a style=\" text-decoration: none;\" href=\"https:\/\/dev.vegconom.de\/germany\/stellenanzeigen\/mediaberater-m-w-d-gesucht-20-30-stunden-woche\/\">\r\n                                                    <\/a>\r\n                    <\/div>\r\n                    <div class=\"entry-header\">\r\n                        <a\r\n                            style=\"color: #333; font-size:18px!important; text-decoration: none;\" href=\"https:\/\/dev.vegconom.de\/germany\/stellenanzeigen\/mediaberater-m-w-d-gesucht-20-30-stunden-woche\/\">\r\n                            Mediaberater (m\/w\/d) gesucht (20-30 Stunden\/Woche)                        <\/a>\r\n                    <\/div>\r\n                <\/div>\r\n                        <\/div>\r\n        <\/div>\n<div class=\"vegco-after-content\" id=\"vegco-3101134497\"><hr>\r\n<p style=\"background-color: #e0e0e0; padding: 15px;\"><strong>Jetzt vegconomist+ Unterst\u00fctzer:in werden!<\/strong>\r\n<br>\r\nvegconomist publiziert unabh\u00e4ngig von gro\u00dfen Verlagen. Ihre Unterst\u00fctzung hilft uns dabei, auf vegconomist.de frei zug\u00e4nglich f\u00fcr alle zu bleiben.\r\n<br>\r\n<a href=\"https:\/\/dev.vegconom.de\/germany\/vegconomist-plus\/\">>>> Jetzt unterst\u00fctzen<\/a><\/p><\/div>","protected":false},"excerpt":{"rendered":"<p>Nach Angaben der Bundesregierung ist bislang kein Antrag auf Zulassung von sogenanntem Laborfleisch als neuartiges Lebensmittel bei der Europ\u00e4ischen Kommission gestellt worden. Eventuelle von Laborfleisch ausgehende Risiken f\u00fcr die Verbraucherinnen und Verbraucher seien der Bundesregierung daher nicht bekannt, hei\u00dft es in er Antwort (20\/4251) auf eine Kleine Anfrage (20\/3886) der AfD-Fraktion. Bisher f\u00f6rdere das Bundesministerium f\u00fcr Bildung und Forschung (BMBF) lediglich ein Projekt zur Technikfolgenabsch\u00e4tzung f\u00fcr Laborfleisch. In-vitro-Fleisch, sogenanntes Laborfleisch, &#8230; <\/p>\n<p class=\"read-more-container\"><a title=\"Mediaberater (m\/w\/d) gesucht (20-30 Stunden\/Woche)\" class=\"read-more button\" href=\"https:\/\/dev.vegconom.de\/germany\/stellenanzeigen\/mediaberater-m-w-d-gesucht-20-30-stunden-woche\/#more-120498\" aria-label=\"Mehr Informationen \u00fcber Mediaberater (m\/w\/d) gesucht (20-30 Stunden\/Woche)\">mehr<\/a><\/p>\n","protected":false},"author":6,"featured_media":63036,"comment_status":"closed","ping_status":"closed","sticky":false,"template":"","format":"standard","meta":{"_mo_disable_npp":"","ngg_post_thumbnail":0,"footnotes":""},"categories":[50974,46941,111,47658],"tags":[10652],"unternehmen":[54552,54482],"regional":[],"technicaltags":[],"class_list":["post-75523","post","type-post","status-publish","format-standard","has-post-thumbnail","hentry","category-politik","category-kultiviertes-fleisch-zellkultur-biotechnologie","category-politik-gesellschaft","category-top-themen","tag-zulassung","unternehmen-bundesregierung","unternehmen-eu","infinite-scroll-item"],"_links":{"self":[{"href":"https:\/\/dev.vegconom.de\/germany\/wp-json\/wp\/v2\/posts\/75523","targetHints":{"allow":["GET"]}}],"collection":[{"href":"https:\/\/dev.vegconom.de\/germany\/wp-json\/wp\/v2\/posts"}],"about":[{"href":"https:\/\/dev.vegconom.de\/germany\/wp-json\/wp\/v2\/types\/post"}],"author":[{"embeddable":true,"href":"https:\/\/dev.vegconom.de\/germany\/wp-json\/wp\/v2\/users\/6"}],"replies":[{"embeddable":true,"href":"https:\/\/dev.vegconom.de\/germany\/wp-json\/wp\/v2\/comments?post=75523"}],"version-history":[{"count":0,"href":"https:\/\/dev.vegconom.de\/germany\/wp-json\/wp\/v2\/posts\/75523\/revisions"}],"wp:featuredmedia":[{"embeddable":true,"href":"https:\/\/dev.vegconom.de\/germany\/wp-json\/wp\/v2\/media\/63036"}],"wp:attachment":[{"href":"https:\/\/dev.vegconom.de\/germany\/wp-json\/wp\/v2\/media?parent=75523"}],"wp:term":[{"taxonomy":"category","embeddable":true,"href":"https:\/\/dev.vegconom.de\/germany\/wp-json\/wp\/v2\/categories?post=75523"},{"taxonomy":"post_tag","embeddable":true,"href":"https:\/\/dev.vegconom.de\/germany\/wp-json\/wp\/v2\/tags?post=75523"},{"taxonomy":"unternehmen","embeddable":true,"href":"https:\/\/dev.vegconom.de\/germany\/wp-json\/wp\/v2\/unternehmen?post=75523"},{"taxonomy":"regional","embeddable":true,"href":"https:\/\/dev.vegconom.de\/germany\/wp-json\/wp\/v2\/regional?post=75523"},{"taxonomy":"technicaltags","embeddable":true,"href":"https:\/\/dev.vegconom.de\/germany\/wp-json\/wp\/v2\/technicaltags?post=75523"}],"curies":[{"name":"wp","href":"https:\/\/api.w.org\/{rel}","templated":true}]}}