{"id":42524,"date":"2021-05-06T10:17:43","date_gmt":"2021-05-06T08:17:43","guid":{"rendered":"https:\/\/dev.vegconom.de\/germany\/?p=42524"},"modified":"2024-08-11T01:20:58","modified_gmt":"2024-08-10T23:20:58","slug":"vegane-sommer-neuheiten-aus-dem-schwarzwald-velike-erweitert-sortiment-um-veganes-eis-und-hafer-naturghurt","status":"publish","type":"post","link":"https:\/\/dev.vegconom.de\/germany\/neue-produkte\/vegane-sommer-neuheiten-aus-dem-schwarzwald-velike-erweitert-sortiment-um-veganes-eis-und-hafer-naturghurt\/","title":{"rendered":"Vegane Sommer-Neuheiten aus dem Schwarzwald: Velike! erweitert Sortiment um veganes Eis und Hafer Naturghurt"},"content":{"rendered":"<figure id=\"attachment_30363\" aria-describedby=\"caption-attachment-30363\" style=\"width: 668px\" class=\"wp-caption aligncenter\"><img loading=\"lazy\" decoding=\"async\" class=\"wp-image-30363 size-full\" src=\"https:\/\/dev.vegconom.de\/germany\/wp-content\/uploads\/sites\/2\/velike-logo.jpeg\" alt=\"\" width=\"678\" height=\"362\" srcset=\"https:\/\/dev.vegconom.de\/germany\/wp-content\/uploads\/sites\/2\/velike-logo.jpeg 678w, https:\/\/dev.vegconom.de\/germany\/wp-content\/uploads\/sites\/2\/velike-logo-300x160.jpeg 300w, https:\/\/dev.vegconom.de\/germany\/wp-content\/uploads\/sites\/2\/velike-logo-150x80.jpeg 150w\" sizes=\"auto, (max-width: 678px) 100vw, 678px\" \/><figcaption id=\"caption-attachment-30363\" class=\"wp-caption-text\">\u00a9 Black Forest Nature GmbH<\/figcaption><\/figure>\n<p><span dir=\"ltr\">Im Sommer f\u00fchrt <\/span><span dir=\"ltr\">das Start<\/span><span dir=\"ltr\">&#8211;<\/span><span dir=\"ltr\">up <\/span><span dir=\"ltr\">Black Forest Nature aus dem <\/span><span dir=\"ltr\">Hause Schwarzwaldmilch <\/span><span dir=\"ltr\">zwei erfrischende<\/span><span dir=\"ltr\">, <\/span><a href=\"https:\/\/dev.vegconom.de\/germany\/produkte-und-neuerscheinungen\/velike-startet-das-fruehjahr-mit-veganen-neuprodukten-und-umfassender-kommunikationskampagne\/\"><span dir=\"ltr\">vegane Neuprodukt<\/span><span dir=\"ltr\">&#8211;<\/span><span dir=\"ltr\">Sortimente <\/span><\/a><span dir=\"ltr\">unter der <\/span><span dir=\"ltr\">Marke <\/span><a href=\"https:\/\/ve-like.de\/\" target=\"_blank\" rel=\"noopener\"><span dir=\"ltr\">Velike! <\/span><\/a><span dir=\"ltr\">ein. <\/span><span dir=\"ltr\">Ab <\/span><span dir=\"ltr\">Ende <\/span><span dir=\"ltr\">Juni 2021 <\/span><span dir=\"ltr\">wird das ers<\/span><span dir=\"ltr\">te vegane <\/span><span dir=\"ltr\">Velike! <\/span><span dir=\"ltr\">Eis auf Haferbasis <\/span><span dir=\"ltr\">in <\/span><span dir=\"ltr\">drei verschiedenen Sorten <\/span><span dir=\"ltr\">i<\/span><span dir=\"ltr\">m Handel erh\u00e4ltlich sein. Zudem k\u00f6nnen sich gesundheits<\/span><span dir=\"ltr\">&#8211; <\/span><span dir=\"ltr\">und umweltbewusste Kunden auf die erste frische Joghurtalternative im nachhaltigen <\/span><span dir=\"ltr\">Mehrwegglas freuen, die <\/span><span dir=\"ltr\">ab Aug<\/span><span dir=\"ltr\">ust in den Geschmacksrichtunge<\/span><span dir=\"ltr\">n Natur und Mango <\/span><span dir=\"ltr\">verf\u00fcg<\/span><span dir=\"ltr\">bar <\/span><span dir=\"ltr\">ist<\/span><span dir=\"ltr\">. Begleitet wird die Markteinf\u00fchrung der Neuprodukte von einer umfangreichen Kampagne mit Online- und Offline-Werbema\u00dfnahmen. <\/span><!--more--><\/p>\n<figure id=\"attachment_42525\" aria-describedby=\"caption-attachment-42525\" style=\"width: 232px\" class=\"wp-caption alignright\"><img loading=\"lazy\" decoding=\"async\" class=\"size-medium wp-image-42525\" src=\"https:\/\/dev.vegconom.de\/germany\/wp-content\/uploads\/sites\/2\/Velike_Bio_Hafer_Eis_Himbeere-242x300.jpg\" alt=\"\" width=\"242\" height=\"300\" srcset=\"https:\/\/dev.vegconom.de\/germany\/wp-content\/uploads\/sites\/2\/Velike_Bio_Hafer_Eis_Himbeere-242x300.jpg 242w, https:\/\/dev.vegconom.de\/germany\/wp-content\/uploads\/sites\/2\/Velike_Bio_Hafer_Eis_Himbeere-826x1024.jpg 826w, https:\/\/dev.vegconom.de\/germany\/wp-content\/uploads\/sites\/2\/Velike_Bio_Hafer_Eis_Himbeere-121x150.jpg 121w, https:\/\/dev.vegconom.de\/germany\/wp-content\/uploads\/sites\/2\/Velike_Bio_Hafer_Eis_Himbeere-768x953.jpg 768w, https:\/\/dev.vegconom.de\/germany\/wp-content\/uploads\/sites\/2\/Velike_Bio_Hafer_Eis_Himbeere-1238x1536.jpg 1238w, https:\/\/dev.vegconom.de\/germany\/wp-content\/uploads\/sites\/2\/Velike_Bio_Hafer_Eis_Himbeere-1651x2048.jpg 1651w, https:\/\/dev.vegconom.de\/germany\/wp-content\/uploads\/sites\/2\/Velike_Bio_Hafer_Eis_Himbeere-1320x1637.jpg 1320w\" sizes=\"auto, (max-width: 242px) 100vw, 242px\" \/><figcaption id=\"caption-attachment-42525\" class=\"wp-caption-text\">\u00a9 Black Forest Nature GmbH<\/figcaption><\/figure>\n<p><strong><span dir=\"ltr\">Dreierlei Bio Hafer Eis <\/span><span dir=\"ltr\">f\u00fcr sommerliche Erfrischung<\/span><\/strong><\/p>\n<p><span dir=\"ltr\">Ende <\/span><span dir=\"ltr\">Juni <\/span><span dir=\"ltr\">findet <\/span><span dir=\"ltr\">das <\/span><span dir=\"ltr\">erste <\/span><span dir=\"ltr\">frische <\/span><span dir=\"ltr\">Bio Hafer Eis <\/span><span dir=\"ltr\">mit regionaler Herkunftsgarant<\/span><span dir=\"ltr\">ie <\/span><span dir=\"ltr\">in <\/span><span dir=\"ltr\">den drei <\/span><span dir=\"ltr\">umsatzstarken Sorten Schoko, Haselnuss und Himbeer<\/span><span dir=\"ltr\">e <\/span><span dir=\"ltr\">seinen Weg in die M\u00e4rkte. <\/span><span dir=\"ltr\">D<\/span><span dir=\"ltr\">ie <\/span><span dir=\"ltr\">vegane<\/span><span dir=\"ltr\">, <\/span><span dir=\"ltr\">laktose<\/span><span dir=\"ltr\">&#8211; <\/span><span dir=\"ltr\">und <\/span><span dir=\"ltr\">sojafreie <\/span><span dir=\"ltr\">Produktn<\/span><span dir=\"ltr\">euheit <\/span><span dir=\"ltr\">auf Haferbasis <\/span><span dir=\"ltr\">besteht <\/span><span dir=\"ltr\">ausschlie\u00dflich <\/span><span dir=\"ltr\">aus <\/span><span dir=\"ltr\">nat\u00fcrlichen Zutaten und <\/span><span dir=\"ltr\">\u00fcberzeugt <\/span><span dir=\"ltr\">mit <\/span><span dir=\"ltr\">ihrer cremigen Textur <\/span><span dir=\"ltr\">und <\/span><span dir=\"ltr\">einem <\/span><span dir=\"ltr\">volle<\/span><span dir=\"ltr\">n <\/span><span dir=\"ltr\">Geschmack<\/span><span dir=\"ltr\">. <\/span><span dir=\"ltr\">Da<\/span><span dir=\"ltr\">bei kommt da<\/span><span dir=\"ltr\">s rein pflanzliche P<\/span><span dir=\"ltr\">remiump<\/span><span dir=\"ltr\">rodukt <\/span><span dir=\"ltr\">ganz ohne Kokos<\/span><span dir=\"ltr\">&#8211; <\/span><span dir=\"ltr\">oder Palmfett aus<\/span><span dir=\"ltr\">. <\/span><span dir=\"ltr\">Der verwendete <\/span><span dir=\"ltr\">Hafer in Bioland<\/span><span dir=\"ltr\">&#8211;<\/span><span dir=\"ltr\">Qua<\/span><span dir=\"ltr\">lit\u00e4t<\/span><span dir=\"ltr\">ist frei von Gentechnik <\/span><span dir=\"ltr\">und kommt wie <\/span><span dir=\"ltr\">bei <\/span><span dir=\"ltr\">alle<\/span><span dir=\"ltr\">n <\/span><span dir=\"ltr\">Velike! <\/span><span dir=\"ltr\">Produkte<\/span><span dir=\"ltr\">n <\/span><span dir=\"ltr\">aus <\/span><span dir=\"ltr\">dem <\/span><span dir=\"ltr\">Schwarzwald <\/span><span dir=\"ltr\">und angrenzenden baden<\/span><span dir=\"ltr\">&#8211;<\/span><span dir=\"ltr\">w\u00fcrt<\/span><span dir=\"ltr\">tembergischen <\/span><span dir=\"ltr\">Regionen<\/span><span dir=\"ltr\">. <\/span><span dir=\"ltr\">F<\/span><span dir=\"ltr\">\u00fcr maximale Transparenz <\/span><span dir=\"ltr\">und Nachhaltigkeit <\/span><span dir=\"ltr\">ist das <\/span><span dir=\"ltr\">Velike! <\/span><span dir=\"ltr\">Eis <\/span><span dir=\"ltr\">V<\/span><span dir=\"ltr\">&#8211;<\/span><span dir=\"ltr\">Label <\/span><span dir=\"ltr\">und <\/span><span dir=\"ltr\">EU<\/span><span dir=\"ltr\">&#8211;<\/span><span dir=\"ltr\">Bio zertifiziert und <\/span><span dir=\"ltr\">wird <\/span><span dir=\"ltr\">im <\/span><span dir=\"ltr\">biologisch abbaubaren <\/span><span dir=\"ltr\">500<\/span><span dir=\"ltr\">&#8211;<\/span><span dir=\"ltr\">ml<\/span><span dir=\"ltr\">&#8211;<\/span><span dir=\"ltr\">Becher <\/span><span dir=\"ltr\">angeboten.<\/span><\/p><div class=\"vegco-after-3rd-paragraph-in-content-desktop-only\" style=\"margin-top: 20px;margin-bottom: 45px;\" id=\"vegco-1782814387\">        <div class=\"sponsored-post-container advadgroup\" style=\"margin-top: 12px; margin-bottom: 45px;\">\r\n            <p style=\"border-bottom: solid #333 2px; padding-bottom: 5px; font-weight: 900; font-size: 16px;\">Sponsored<\/p>\r\n                            <div class=\"preview-inside-article\">\r\n                    <div class=\"post-image\">\r\n                        <a style=\" text-decoration: none;\" href=\"https:\/\/dev.vegconom.de\/germany\/stellenanzeigen\/mediaberater-m-w-d-gesucht-20-30-stunden-woche\/\">\r\n                                                    <\/a>\r\n                    <\/div>\r\n                    <div class=\"entry-header\">\r\n                        <a\r\n                            style=\"color: #333; font-size:18px!important; text-decoration: none;\" href=\"https:\/\/dev.vegconom.de\/germany\/stellenanzeigen\/mediaberater-m-w-d-gesucht-20-30-stunden-woche\/\">\r\n                            Mediaberater (m\/w\/d) gesucht (20-30 Stunden\/Woche)                        <\/a>\r\n                    <\/div>\r\n                <\/div>\r\n                        <\/div>\r\n        <\/div>\n<p><strong><span dir=\"ltr\">Vegane <\/span><span dir=\"ltr\">Joghurtalternative: Hafer Naturghurt im Mehrwegglas<\/span><\/strong><\/p>\n<figure id=\"attachment_42526\" aria-describedby=\"caption-attachment-42526\" style=\"width: 290px\" class=\"wp-caption alignright\"><img loading=\"lazy\" decoding=\"async\" class=\"size-medium wp-image-42526\" src=\"https:\/\/dev.vegconom.de\/germany\/wp-content\/uploads\/sites\/2\/Velike_Bio_Hafer_Naturghurt_Natur-300x243.jpg\" alt=\"\" width=\"300\" height=\"243\" srcset=\"https:\/\/dev.vegconom.de\/germany\/wp-content\/uploads\/sites\/2\/Velike_Bio_Hafer_Naturghurt_Natur-300x243.jpg 300w, https:\/\/dev.vegconom.de\/germany\/wp-content\/uploads\/sites\/2\/Velike_Bio_Hafer_Naturghurt_Natur-1024x831.jpg 1024w, https:\/\/dev.vegconom.de\/germany\/wp-content\/uploads\/sites\/2\/Velike_Bio_Hafer_Naturghurt_Natur-150x122.jpg 150w, https:\/\/dev.vegconom.de\/germany\/wp-content\/uploads\/sites\/2\/Velike_Bio_Hafer_Naturghurt_Natur-768x623.jpg 768w, https:\/\/dev.vegconom.de\/germany\/wp-content\/uploads\/sites\/2\/Velike_Bio_Hafer_Naturghurt_Natur-1536x1246.jpg 1536w, https:\/\/dev.vegconom.de\/germany\/wp-content\/uploads\/sites\/2\/Velike_Bio_Hafer_Naturghurt_Natur-2048x1662.jpg 2048w, https:\/\/dev.vegconom.de\/germany\/wp-content\/uploads\/sites\/2\/Velike_Bio_Hafer_Naturghurt_Natur-1320x1071.jpg 1320w\" sizes=\"auto, (max-width: 300px) 100vw, 300px\" \/><figcaption id=\"caption-attachment-42526\" class=\"wp-caption-text\">\u00a9 Black Forest Nature GmbH<\/figcaption><\/figure>\n<p><span dir=\"ltr\">Ab August finden Verbraucher <\/span><span dir=\"ltr\">dank <\/span><span dir=\"ltr\">Velike! <\/span><span dir=\"ltr\">die erste frische Joghurtalternative im <\/span><span dir=\"ltr\">Mehrwegglas im Handel: Der frische Bio Hafer Naturghurt <\/span><span dir=\"ltr\">mit regionaler Herkunftsgarantie <\/span><span dir=\"ltr\">ist in den beliebten Geschmacksrichtungen Hafer Natur und Hafer + Mango erh\u00e4ltlich. <\/span><span dir=\"ltr\">D<\/span><span dir=\"ltr\">urch <\/span><span dir=\"ltr\">eine <\/span><span dir=\"ltr\">nat\u00fcrliche S\u00e4uerung mit veganen Milchs\u00e4urebakterien erh\u00e4lt das fermentierte <\/span><span dir=\"ltr\">Produkt eine Extraportion <\/span><span dir=\"ltr\">an <\/span><span dir=\"ltr\">Frische und Geschmack. <\/span><span dir=\"ltr\">Auch der Naturghurt ist la<\/span><span dir=\"ltr\">k<\/span><span dir=\"ltr\">tose<\/span><span dir=\"ltr\">&#8211; <\/span><span dir=\"ltr\">und <\/span><span dir=\"ltr\">sojafrei<\/span><span dir=\"ltr\">, V<\/span><span dir=\"ltr\">&#8211;<\/span><span dir=\"ltr\">Label und EU<\/span><span dir=\"ltr\">&#8211;<\/span><span dir=\"ltr\">Bio zertifiziert und kommt ohne Kokos<\/span><span dir=\"ltr\">&#8211; <\/span><span dir=\"ltr\">und Palmfett aus. Der <\/span><span dir=\"ltr\">Hafer <\/span><span dir=\"ltr\">in Bioland<\/span><span dir=\"ltr\">&#8211;<\/span><span dir=\"ltr\">Qualit\u00e4t <\/span><span dir=\"ltr\">wird von Familienbetrieben angebaut und w\u00e4chst ausschlie\u00dflich <\/span><span dir=\"ltr\">auf <\/span><span dir=\"ltr\">Feldern <\/span><span dir=\"ltr\">der <\/span><span dir=\"ltr\">Naturparke <\/span><span dir=\"ltr\">des <\/span><span dir=\"ltr\">Schwarzwaldes <\/span><span dir=\"ltr\">und <\/span><span dir=\"ltr\">angrenzenden <\/span><span dir=\"ltr\">baden<\/span><span dir=\"ltr\">&#8211;<\/span><span dir=\"ltr\">w\u00fcrttembergischen Reg<\/span><span dir=\"ltr\">ionen. Dadurch gelingen der Black Forest Nature GmbH kurze <\/span><span dir=\"ltr\">Transportw<\/span><span dir=\"ltr\">ege und ein<\/span><span dir=\"ltr\">e pers\u00f6nliche Beziehung zu den Haferb<\/span><span dir=\"ltr\">auern. <\/span><span dir=\"ltr\">Verpackt i<\/span><span dir=\"ltr\">st der <\/span><span dir=\"ltr\">Naturghurt <\/span><span dir=\"ltr\">im ressourcenschonenden 500<\/span><span dir=\"ltr\">&#8211;<\/span><span dir=\"ltr\">g<\/span><span dir=\"ltr\">&#8211;<\/span><span dir=\"ltr\">Mehrwegglas f\u00fcr <\/span><span dir=\"ltr\">Genuss mit gutem Gewissen.<\/span><\/p><div class=\"vegco-after-5th-paragraph-in-content-mobile-only\" style=\"margin-top: 20px;margin-bottom: 20px;\" id=\"vegco-670488048\"><div class=\"vegco-adlabel\">Anzeige<\/div>        <div class=\"sponsored-post-container advadgroup\" style=\"margin-top: 12px; margin-bottom: 45px;\">\r\n            <p style=\"border-bottom: solid #333 2px; padding-bottom: 5px; font-weight: 900; font-size: 16px;\">Sponsored<\/p>\r\n                            <div class=\"preview-inside-article\">\r\n                    <div class=\"post-image\">\r\n                        <a style=\" text-decoration: none;\" href=\"https:\/\/dev.vegconom.de\/germany\/marketing-und-medien\/update-business-webtalk-teil-7\/\">\r\n                            <img loading=\"lazy\" decoding=\"async\" width=\"1200\" height=\"900\" src=\"https:\/\/assets.vegconom.de\/media\/wp-content\/uploads\/sites\/2\/2024\/11\/13100235\/DECEMBER-Artikel-HeaderThumbnail-update-1200-x-900-px-vegconomist-update-business-webtalk.jpg\" class=\"attachment-full size-full wp-post-image\" alt=\"update business webtalk\" srcset=\"https:\/\/assets.vegconom.de\/media\/wp-content\/uploads\/sites\/2\/2024\/11\/13100235\/DECEMBER-Artikel-HeaderThumbnail-update-1200-x-900-px-vegconomist-update-business-webtalk.jpg 1200w, https:\/\/assets.vegconom.de\/media\/wp-content\/uploads\/sites\/2\/2024\/11\/13100235\/DECEMBER-Artikel-HeaderThumbnail-update-1200-x-900-px-vegconomist-update-business-webtalk-300x225.jpg 300w, https:\/\/assets.vegconom.de\/media\/wp-content\/uploads\/sites\/2\/2024\/11\/13100235\/DECEMBER-Artikel-HeaderThumbnail-update-1200-x-900-px-vegconomist-update-business-webtalk-1024x768.jpg 1024w, https:\/\/assets.vegconom.de\/media\/wp-content\/uploads\/sites\/2\/2024\/11\/13100235\/DECEMBER-Artikel-HeaderThumbnail-update-1200-x-900-px-vegconomist-update-business-webtalk-150x113.jpg 150w, https:\/\/assets.vegconom.de\/media\/wp-content\/uploads\/sites\/2\/2024\/11\/13100235\/DECEMBER-Artikel-HeaderThumbnail-update-1200-x-900-px-vegconomist-update-business-webtalk-768x576.jpg 768w\" sizes=\"(max-width: 1200px) 100vw, 1200px\" \/>                        <\/a>\r\n                    <\/div>\r\n                    <div class=\"entry-header\">\r\n                        <a\r\n                            style=\"color: #333; font-size:18px!important; text-decoration: none;\" href=\"https:\/\/dev.vegconom.de\/germany\/marketing-und-medien\/update-business-webtalk-teil-7\/\">\r\n                            update Business Webtalk Teil 7: Reflecting on 2024 and Future Prospects \u2013 What\u2019s Next in the Alt Protein Industry?                        <\/a>\r\n                    <\/div>\r\n                <\/div>\r\n                        <\/div>\r\n        <\/div>\n<p><strong><span dir=\"ltr\">Vielf\u00e4ltige <\/span><span dir=\"ltr\">Werbema\u00dfnahmen <\/span><span dir=\"ltr\">von <\/span><span dir=\"ltr\">TV bis Out<\/span><span dir=\"ltr\">&#8211;<\/span><span dir=\"ltr\">of<\/span><span dir=\"ltr\">&#8211;<\/span><span dir=\"ltr\">Home<\/span><\/strong><\/p>\n<p><span dir=\"ltr\">Die <\/span><span dir=\"ltr\">Markteinf\u00fchrung der neuen Produkte unterst\u00fctzt <\/span><span dir=\"ltr\">Velike! <\/span><span dir=\"ltr\">mittels analoger und digitaler <\/span><span dir=\"ltr\">Ma\u00dfnahmen. <\/span><span dir=\"ltr\">Ver\u00f6ffentlichungen in Fach<\/span><span dir=\"ltr\">&#8211; <\/span><span dir=\"ltr\">und Publikumszeitschriften <\/span><span dir=\"ltr\">sowie Pr\u00e4senz auf <\/span><span dir=\"ltr\">der Website und den Social<\/span><span dir=\"ltr\">&#8211;<\/span><span dir=\"ltr\">Media<\/span><span dir=\"ltr\">&#8211;<\/span><span dir=\"ltr\">Kan\u00e4len <\/span><span dir=\"ltr\">schaffen <\/span><span dir=\"ltr\">zus\u00e4tzliche Aufmerksamkeit <\/span><span dir=\"ltr\">f\u00fcr die <\/span><span dir=\"ltr\">Neuprodukte<\/span><span dir=\"ltr\">. <\/span><span dir=\"ltr\">F\u00fcr ein Erlebnis <\/span><span dir=\"ltr\">mit <\/span><span dir=\"ltr\">alle<\/span><span dir=\"ltr\">n <\/span><span dir=\"ltr\">Sinne<\/span><span dir=\"ltr\">n <\/span><span dir=\"ltr\">wird d<\/span><span dir=\"ltr\">er frische Bio Hafer Naturghurt <\/span><span dir=\"ltr\">zudem <\/span><span dir=\"ltr\">am Point<\/span><span dir=\"ltr\">&#8211;<\/span><span dir=\"ltr\">of<\/span><span dir=\"ltr\">&#8211;<\/span><span dir=\"ltr\">Sale <\/span><span dir=\"ltr\">zur Verkostung angeboten <\/span><span dir=\"ltr\">und <\/span><span dir=\"ltr\">dem Endverbraucher <\/span><span dir=\"ltr\">in den Handzetteln <\/span><span dir=\"ltr\">der Handelsunternehmen <\/span><span dir=\"ltr\">n\u00e4hergebracht<\/span><span dir=\"ltr\">. <\/span><span dir=\"ltr\">Ein wei<\/span><span dir=\"ltr\">teres <\/span><span dir=\"ltr\">Highlight der Kampagne ist e<\/span><span dir=\"ltr\">in <\/span><span dir=\"ltr\">A<\/span><span dir=\"ltr\">ddressable <\/span><span dir=\"ltr\">TV<\/span><span dir=\"ltr\">&#8211;<\/span><span dir=\"ltr\">Spot <\/span><span dir=\"ltr\">f\u00fcr eine <\/span><span dir=\"ltr\">ideale <\/span><span dir=\"ltr\">Zielgruppenansprache<\/span><span dir=\"ltr\">. <\/span><span dir=\"ltr\">Die <\/span><span dir=\"ltr\">gro\u00dfe <\/span><span dir=\"ltr\">Online<\/span><span dir=\"ltr\">&#8211;<\/span><span dir=\"ltr\">Werbekampagne wird <\/span><span dir=\"ltr\">mit Influencer<\/span><span dir=\"ltr\">&#8211;<\/span><span dir=\"ltr\">Marketing <\/span><span dir=\"ltr\">erg\u00e4nzt <\/span><span dir=\"ltr\">und bildet <\/span><span dir=\"ltr\">zusammen mit den <\/span><span dir=\"ltr\">Offline<\/span><span dir=\"ltr\">&#8211;<\/span><span dir=\"ltr\">Ma\u00dfnahmen <\/span><span dir=\"ltr\">eine <\/span><span dir=\"ltr\">ganzheitliche <\/span><span dir=\"ltr\">Kommunikation<\/span><span dir=\"ltr\">s<\/span><span dir=\"ltr\">offensive <\/span><span dir=\"ltr\">f\u00fcr <\/span><span dir=\"ltr\">die <\/span><span dir=\"ltr\">Velike! <\/span><span dir=\"ltr\">Produktneuheiten.<\/span><\/p>\n<p>Weitere Informationen zu den Neuprodukten auf <a href=\"https:\/\/ve-like.de\/\" target=\"_blank\" rel=\"noopener\">www.ve-like.de<\/a>.<\/p>\n<div class=\"vegco-after-content\" id=\"vegco-519358093\"><hr>\r\n<p style=\"background-color: #e0e0e0; padding: 15px;\"><strong>Jetzt vegconomist+ Unterst\u00fctzer:in werden!<\/strong>\r\n<br>\r\nvegconomist publiziert unabh\u00e4ngig von gro\u00dfen Verlagen. Ihre Unterst\u00fctzung hilft uns dabei, auf vegconomist.de frei zug\u00e4nglich f\u00fcr alle zu bleiben.\r\n<br>\r\n<a href=\"https:\/\/dev.vegconom.de\/germany\/vegconomist-plus\/\">>>> Jetzt unterst\u00fctzen<\/a><\/p><\/div>","protected":false},"excerpt":{"rendered":"<p>Im Sommer f\u00fchrt das Start&#8211;up Black Forest Nature aus dem Hause Schwarzwaldmilch zwei erfrischende, vegane Neuprodukt&#8211;Sortimente unter der Marke Velike! ein. Ab Ende Juni 2021 wird das erste vegane Velike! Eis auf Haferbasis in drei verschiedenen Sorten im Handel erh\u00e4ltlich sein. Zudem k\u00f6nnen sich gesundheits&#8211; und umweltbewusste Kunden auf die erste frische Joghurtalternative im nachhaltigen Mehrwegglas freuen, die ab August in den Geschmacksrichtungen Natur und Mango verf\u00fcgbar ist. Begleitet wird &#8230; <\/p>\n<p class=\"read-more-container\"><a title=\"update Business Webtalk Teil 7: Reflecting on 2024 and Future Prospects \u2013 What\u2019s Next in the Alt Protein Industry?\" class=\"read-more button\" href=\"https:\/\/dev.vegconom.de\/germany\/marketing-und-medien\/update-business-webtalk-teil-7\/#more-120253\" aria-label=\"Mehr Informationen \u00fcber update Business Webtalk Teil 7: Reflecting on 2024 and Future Prospects \u2013 What\u2019s Next in the Alt Protein Industry?\">mehr<\/a><\/p>\n","protected":false},"author":6,"featured_media":42530,"comment_status":"closed","ping_status":"closed","sticky":false,"template":"","format":"standard","meta":{"_mo_disable_npp":"","ngg_post_thumbnail":0,"footnotes":""},"categories":[76],"tags":[7151,295],"unternehmen":[44969],"regional":[],"technicaltags":[],"class_list":["post-42524","post","type-post","status-publish","format-standard","has-post-thumbnail","hentry","category-neue-produkte","tag-hafer","tag-joghurt","unternehmen-velike","infinite-scroll-item"],"_links":{"self":[{"href":"https:\/\/dev.vegconom.de\/germany\/wp-json\/wp\/v2\/posts\/42524","targetHints":{"allow":["GET"]}}],"collection":[{"href":"https:\/\/dev.vegconom.de\/germany\/wp-json\/wp\/v2\/posts"}],"about":[{"href":"https:\/\/dev.vegconom.de\/germany\/wp-json\/wp\/v2\/types\/post"}],"author":[{"embeddable":true,"href":"https:\/\/dev.vegconom.de\/germany\/wp-json\/wp\/v2\/users\/6"}],"replies":[{"embeddable":true,"href":"https:\/\/dev.vegconom.de\/germany\/wp-json\/wp\/v2\/comments?post=42524"}],"version-history":[{"count":1,"href":"https:\/\/dev.vegconom.de\/germany\/wp-json\/wp\/v2\/posts\/42524\/revisions"}],"predecessor-version":[{"id":115282,"href":"https:\/\/dev.vegconom.de\/germany\/wp-json\/wp\/v2\/posts\/42524\/revisions\/115282"}],"wp:featuredmedia":[{"embeddable":true,"href":"https:\/\/dev.vegconom.de\/germany\/wp-json\/wp\/v2\/media\/42530"}],"wp:attachment":[{"href":"https:\/\/dev.vegconom.de\/germany\/wp-json\/wp\/v2\/media?parent=42524"}],"wp:term":[{"taxonomy":"category","embeddable":true,"href":"https:\/\/dev.vegconom.de\/germany\/wp-json\/wp\/v2\/categories?post=42524"},{"taxonomy":"post_tag","embeddable":true,"href":"https:\/\/dev.vegconom.de\/germany\/wp-json\/wp\/v2\/tags?post=42524"},{"taxonomy":"unternehmen","embeddable":true,"href":"https:\/\/dev.vegconom.de\/germany\/wp-json\/wp\/v2\/unternehmen?post=42524"},{"taxonomy":"regional","embeddable":true,"href":"https:\/\/dev.vegconom.de\/germany\/wp-json\/wp\/v2\/regional?post=42524"},{"taxonomy":"technicaltags","embeddable":true,"href":"https:\/\/dev.vegconom.de\/germany\/wp-json\/wp\/v2\/technicaltags?post=42524"}],"curies":[{"name":"wp","href":"https:\/\/api.w.org\/{rel}","templated":true}]}}