{"id":27033,"date":"2020-05-27T17:16:28","date_gmt":"2020-05-27T15:16:28","guid":{"rendered":"https:\/\/dev.vegconom.de\/germany\/?p=27033"},"modified":"2023-09-11T21:58:47","modified_gmt":"2023-09-11T19:58:47","slug":"el-origen-food-innovative-snacks-die-einen-unterschied-machen","status":"publish","type":"post","link":"https:\/\/dev.vegconom.de\/germany\/startups-accelerators-incubators\/el-origen-food-innovative-snacks-die-einen-unterschied-machen\/","title":{"rendered":"el origen food \u2013 Innovative Snacks, die einen Unterschied machen"},"content":{"rendered":"<p>Snacken und gleichzeitig die Welt verbessern &#8211; genau hierzu animiert das Startup <a href=\"https:\/\/www.elorigenfood.de\/\" target=\"_blank\" rel=\"noopener\">el origen food<\/a> und beweist, wie Innovation gepaart mit einer nachhaltigen Mission schmecken kann. Durch ein faireres und nachhaltigeres globales Wirtschaften m\u00f6chten die zwei Gr\u00fcnder vor allem in Lateinamerika einen positiven Einfluss haben. Im April wurde ein Produkt des Unternehmens als innovativster Snack mit dem Good Food Award der Women\u2019s &amp; Men\u2019s Health ausgezeichnet.<!--more--><\/p>\n<p>Extra crunchy, nat\u00fcrlich und sozial \u2013 so k\u00f6nnen die Bio-Chips aus Maniok und Kochbanane beschrieben werden. Mit Bio-Chips aus Maniok und Kochbanane bietet el origen food eine Alternative zu klassischen Kartoffelchips, die gleichzeitig einen Unterschied machen: die Produkte punkten neben dem Geschmack vor allem mit einem nachhaltigen, sowie sozialen Hintergrund. Die beiden Gr\u00fcnder m\u00f6chten so dem Snacken eine neue Bedeutung verleihen und mit einem guten Gewissen versehen. Die Produkte bezeichnen sie deshalb als \u201cthe next generation chips\u201d.<\/p>\n<figure id=\"attachment_27039\" aria-describedby=\"caption-attachment-27039\" style=\"width: 290px\" class=\"wp-caption alignright\"><img loading=\"lazy\" decoding=\"async\" class=\"size-medium wp-image-27039\" src=\"https:\/\/dev.vegconom.de\/vegconomistde\/wp-content\/uploads\/sites\/2\/el-origen-food-300x257.jpeg\" alt=\"el origen food\" width=\"300\" height=\"257\" srcset=\"https:\/\/dev.vegconom.de\/germany\/wp-content\/uploads\/sites\/2\/el-origen-food-300x257.jpeg 300w, https:\/\/dev.vegconom.de\/germany\/wp-content\/uploads\/sites\/2\/el-origen-food-150x129.jpeg 150w, https:\/\/dev.vegconom.de\/germany\/wp-content\/uploads\/sites\/2\/el-origen-food.jpeg 600w\" sizes=\"auto, (max-width: 300px) 100vw, 300px\" \/><figcaption id=\"caption-attachment-27039\" class=\"wp-caption-text\">\u00a9 el origen food GmbH<\/figcaption><\/figure>\n<p>Profit und Nachhaltigkeit bedeuten f\u00fcr das Startup keinen Widerspruch, sondern gehen Hand in Hand. Ziel ist es, mit den Produkten Probleme anzugehen \u2013 vor allem in Lateinamerika. F\u00fcr die Produktion der Chips wird deshalb direkt mit Kleinbauern in Ecuador zusammengearbeitet. FarmerInnen k\u00f6nnen so langfristig unterst\u00fctzt und Lebensstandards verbessert werden. Gleichzeitig wird mit dem Ausbau der biologischen Landwirtschaft vor Ort zum Schutz der wertvollen Amazonasregion beigetragen. Um CO2-Emissionen, welche durch den Transport der Produkte entstehen, zu kompensieren, werden in der gef\u00e4hrdeten Amazonasregion B\u00e4ume gepflanzt. Das Startup hebt sich durch das soziale Engagement und den Einsatz f\u00fcr eine nachhaltige Zukunft stark von Wettbewerbern im Snack-Bereich ab und ist Teil der wachsenden Green Economy.<\/p><div class=\"vegco-after-3rd-paragraph-in-content-desktop-only\" style=\"margin-top: 20px;margin-bottom: 45px;\" id=\"vegco-1914790181\">        <div class=\"sponsored-post-container advadgroup\" style=\"margin-top: 12px; margin-bottom: 45px;\">\r\n            <p style=\"border-bottom: solid #333 2px; padding-bottom: 5px; font-weight: 900; font-size: 16px;\">Sponsored<\/p>\r\n                            <div class=\"preview-inside-article\">\r\n                    <div class=\"post-image\">\r\n                        <a style=\" text-decoration: none;\" href=\"https:\/\/dev.vegconom.de\/germany\/stellenanzeigen\/mediaberater-m-w-d-gesucht-20-30-stunden-woche\/\">\r\n                                                    <\/a>\r\n                    <\/div>\r\n                    <div class=\"entry-header\">\r\n                        <a\r\n                            style=\"color: #333; font-size:18px!important; text-decoration: none;\" href=\"https:\/\/dev.vegconom.de\/germany\/stellenanzeigen\/mediaberater-m-w-d-gesucht-20-30-stunden-woche\/\">\r\n                            Mediaberater (m\/w\/d) gesucht (20-30 Stunden\/Woche)                        <\/a>\r\n                    <\/div>\r\n                <\/div>\r\n                        <\/div>\r\n        <\/div>\n<p><strong>Gr\u00fcndung bedeutet Mut und Durchhalteverm\u00f6gen<\/strong><\/p>\n<p>Die beiden Gr\u00fcnder Gordon Prox und Mathyas L\u00f3pez Redetzki kennen sich seit vielen Jahren und haben bereits unterschiedliche Projekte im Bereich Nachhaltigkeit, soziales Engagement und vegane Ern\u00e4hrung umgesetzt. Prox widmet sich mit seinem Youtube- und Instagramkanal \u201c<a href=\"https:\/\/www.youtube.com\/channel\/UCURHLn3nl9AFVeD1G0lnlaw\" target=\"_blank\" rel=\"noopener\">vegan ist ungesund<\/a>\u201d der Aufkl\u00e4rungsarbeit im Bereich Tierschutz und vegane Ern\u00e4hrung, w\u00e4hrend L\u00f3pez Redetzki, welcher selbst aus der Werbebranche kommt, durch seine Herkunft einen starken Bezug zu Lateinamerika hat. Nachdem die beiden bereits eine Werbeagentur f\u00fcr nachhaltige Marken gegr\u00fcndet haben, soll el origen food nun einen noch gr\u00f6\u00dferen direkten Einfluss haben: durch die Gr\u00fcndung k\u00f6nnen in Lateinamerika sowohl die Natur gesch\u00fctzt als auch Menschen unterst\u00fctzt werden.<\/p><div class=\"vegco-after-5th-paragraph-in-content-mobile-only\" style=\"margin-top: 20px;margin-bottom: 20px;\" id=\"vegco-1220372315\"><div class=\"vegco-adlabel\">Anzeige<\/div>        <div class=\"sponsored-post-container advadgroup\" style=\"margin-top: 12px; margin-bottom: 45px;\">\r\n            <p style=\"border-bottom: solid #333 2px; padding-bottom: 5px; font-weight: 900; font-size: 16px;\">Sponsored<\/p>\r\n                            <div class=\"preview-inside-article\">\r\n                    <div class=\"post-image\">\r\n                        <a style=\" text-decoration: none;\" href=\"https:\/\/dev.vegconom.de\/germany\/stellenanzeigen\/mediaberater-m-w-d-gesucht-20-30-stunden-woche\/\">\r\n                                                    <\/a>\r\n                    <\/div>\r\n                    <div class=\"entry-header\">\r\n                        <a\r\n                            style=\"color: #333; font-size:18px!important; text-decoration: none;\" href=\"https:\/\/dev.vegconom.de\/germany\/stellenanzeigen\/mediaberater-m-w-d-gesucht-20-30-stunden-woche\/\">\r\n                            Mediaberater (m\/w\/d) gesucht (20-30 Stunden\/Woche)                        <\/a>\r\n                    <\/div>\r\n                <\/div>\r\n                        <\/div>\r\n        <\/div>\n<p>Wie findet man den richtigen Produzenten? Wie l\u00e4uft eine Bio-Zertifizierung ab? Wie k\u00f6nnen Logistik-Prozesse optimiert werden, um einen erfolgreichen Markteintritt zu erm\u00f6glichen? All das sind Fragen, die sich die Gr\u00fcnder ohne Vorkenntnisse in der Lebensmittelbranche stellen mussten. Von der Idee bis zu Umsetzung war es ein langer Weg. Knapp ein Jahr Vorbereitungszeit, tiefgehendes Know-How \u00fcber den Markt, eine gute Finanzierung und ein hochmotiviertes Team haben dabei geholfen, die Produkte erfolgreich in den ersten Regalen zu platzieren. Die gr\u00f6\u00dfte Herausforderung lag im Aufbau der gesamten Lieferkette und einem abgestimmten Vorgehen und die Kommunikation mit allen Beteiligten: Vom Verpackungsmittellieferanten und Produzenten in Ecuador, \u00fcber die Biozertifizierungsstelle, den Dienstleistern f\u00fcr den Transport und die Logistik bis hin zur Auslieferung an die ersten Kunden.<\/p>\n<figure id=\"attachment_22682\" aria-describedby=\"caption-attachment-22682\" style=\"width: 290px\" class=\"wp-caption alignleft\"><img loading=\"lazy\" decoding=\"async\" class=\"size-medium wp-image-22682\" src=\"https:\/\/dev.vegconom.de\/vegconomistde\/wp-content\/uploads\/sites\/2\/2019-09-16__ElOrigen_Pack_Manioc_Salty-300x257.png\" alt=\"\u00a9 el origen food GmbH maniok\" width=\"300\" height=\"257\" srcset=\"https:\/\/dev.vegconom.de\/germany\/wp-content\/uploads\/sites\/2\/2019-09-16__ElOrigen_Pack_Manioc_Salty-300x257.png 300w, https:\/\/dev.vegconom.de\/germany\/wp-content\/uploads\/sites\/2\/2019-09-16__ElOrigen_Pack_Manioc_Salty-150x129.png 150w, https:\/\/dev.vegconom.de\/germany\/wp-content\/uploads\/sites\/2\/2019-09-16__ElOrigen_Pack_Manioc_Salty-768x658.png 768w, https:\/\/dev.vegconom.de\/germany\/wp-content\/uploads\/sites\/2\/2019-09-16__ElOrigen_Pack_Manioc_Salty-1024x878.png 1024w, https:\/\/dev.vegconom.de\/germany\/wp-content\/uploads\/sites\/2\/2019-09-16__ElOrigen_Pack_Manioc_Salty-1320x1131.png 1320w\" sizes=\"auto, (max-width: 300px) 100vw, 300px\" \/><figcaption id=\"caption-attachment-22682\" class=\"wp-caption-text\">\u00a9 el origen food GmbH<\/figcaption><\/figure>\n<p>\u201cWir haben am Anfang viele Fehler gemacht und vieles daraus gelernt. Alle Entscheidungen, ob richtig oder falsch, haben uns hierhin gebracht. Es wird immer Dinge geben, die man anders h\u00e4tte angehen k\u00f6nnen. Das Wissen, was wir durch das Begehen von Fehlern erlangt haben, ist jedoch unglaublich wertvoll. Wenn es eins gibt, was wir anderen Gr\u00fcndern mit auf den Weg geben k\u00f6nnen: Habt den Mut, Fehler zu begehen! Und \u00fcberlegt euch ganz genau, mit wem ihr eure Idee umsetzen wollt. Ihr m\u00fcsst euch zu 100% auf euren Partner verlassen k\u00f6nnen. \u201d, so Prox.<\/p>\n<p>Die beiden Gr\u00fcnder haben gro\u00dfe Ambitionen und w\u00fcnschen sich f\u00fcr die Zukunft, dass jeder bei el origen an unglaublich leckere Snacks aus Lateinamerika denkt und die Mission, welche hinter jedem Produkt steht, unterst\u00fctzen m\u00f6chte.<\/p>\n<p><strong>Join the crunchy revolution!<\/strong><\/p>\n<p>Das noch kleine Team hinter den Gr\u00fcndern ist davon \u00fcberzeugt, dass jeder Einzelne mit seinem Handeln und bewussten Konsum die Welt ver\u00e4ndern kann. In Zukunft m\u00f6chten Alle den Impact vor Ort vergr\u00f6\u00dfern und dadurch Natur und Menschen noch st\u00e4rker unterst\u00fctzen. Wie essentiell es ist, ein gutes Team aufzubauen, wussten die Gr\u00fcnder bereits von Anfang an.<\/p>\n<p>L\u00f3pez Redetzki: \u201cMenschen zu finden, die dich auf der Reise begleiten und die Mission teilen, ist unheimlich wichtig f\u00fcr den langfristigen Unternehmenserfolg. Nur wenn alle an einem Strang ziehen und man sich aufeinander verlassen kann, wird man als junges Startup erfolgreich agieren k\u00f6nnen. Motivation, Agilit\u00e4t und die Bereitschaft sich in neue Aufgabenbereiche einzuarbeiten und diese zu \u00fcbernehmen, sind unabdingbare Eigenschaften, um in einem Startup zu arbeiten und gl\u00fccklich zu werden. Gerade in unserem kleinen Team merkt jeder, welche direkten Auswirkungen unser Handeln auf die Menschen in Lateinamerika hat. Das ist unglaublich motivierend.\u201d<\/p>\n<p>\u201cWir wollen gemeinsam etwas bewegen und nicht auf Kosten unseres Planeten wirtschaften. Deshalb m\u00f6chten wir auch das Bewusstsein f\u00fcr Nachhaltigkeit st\u00e4rken und rufen dazu auf: Join the crunchy revolution!\u201d<\/p>\n<div class=\"vegco-after-content\" id=\"vegco-1705560334\"><hr>\r\n<p style=\"background-color: #e0e0e0; padding: 15px;\"><strong>Jetzt vegconomist+ Unterst\u00fctzer:in werden!<\/strong>\r\n<br>\r\nvegconomist publiziert unabh\u00e4ngig von gro\u00dfen Verlagen. Ihre Unterst\u00fctzung hilft uns dabei, auf vegconomist.de frei zug\u00e4nglich f\u00fcr alle zu bleiben.\r\n<br>\r\n<a href=\"https:\/\/dev.vegconom.de\/germany\/vegconomist-plus\/\">>>> Jetzt unterst\u00fctzen<\/a><\/p><\/div>","protected":false},"excerpt":{"rendered":"<p>Snacken und gleichzeitig die Welt verbessern &#8211; genau hierzu animiert das Startup el origen food und beweist, wie Innovation gepaart mit einer nachhaltigen Mission schmecken kann. Durch ein faireres und nachhaltigeres globales Wirtschaften m\u00f6chten die zwei Gr\u00fcnder vor allem in Lateinamerika einen positiven Einfluss haben. Im April wurde ein Produkt des Unternehmens als innovativster Snack mit dem Good Food Award der Women\u2019s &amp; Men\u2019s Health ausgezeichnet.<\/p>\n","protected":false},"author":6,"featured_media":22681,"comment_status":"closed","ping_status":"closed","sticky":false,"template":"","format":"standard","meta":{"_mo_disable_npp":"","ngg_post_thumbnail":0,"footnotes":""},"categories":[50831],"tags":[2559],"unternehmen":[],"regional":[159,1036],"technicaltags":[],"class_list":["post-27033","post","type-post","status-publish","format-standard","has-post-thumbnail","hentry","category-startups-accelerators-incubators","tag-chips","regional-hamburg","regional-suedamerika","infinite-scroll-item"],"_links":{"self":[{"href":"https:\/\/dev.vegconom.de\/germany\/wp-json\/wp\/v2\/posts\/27033","targetHints":{"allow":["GET"]}}],"collection":[{"href":"https:\/\/dev.vegconom.de\/germany\/wp-json\/wp\/v2\/posts"}],"about":[{"href":"https:\/\/dev.vegconom.de\/germany\/wp-json\/wp\/v2\/types\/post"}],"author":[{"embeddable":true,"href":"https:\/\/dev.vegconom.de\/germany\/wp-json\/wp\/v2\/users\/6"}],"replies":[{"embeddable":true,"href":"https:\/\/dev.vegconom.de\/germany\/wp-json\/wp\/v2\/comments?post=27033"}],"version-history":[{"count":1,"href":"https:\/\/dev.vegconom.de\/germany\/wp-json\/wp\/v2\/posts\/27033\/revisions"}],"predecessor-version":[{"id":93105,"href":"https:\/\/dev.vegconom.de\/germany\/wp-json\/wp\/v2\/posts\/27033\/revisions\/93105"}],"wp:featuredmedia":[{"embeddable":true,"href":"https:\/\/dev.vegconom.de\/germany\/wp-json\/wp\/v2\/media\/22681"}],"wp:attachment":[{"href":"https:\/\/dev.vegconom.de\/germany\/wp-json\/wp\/v2\/media?parent=27033"}],"wp:term":[{"taxonomy":"category","embeddable":true,"href":"https:\/\/dev.vegconom.de\/germany\/wp-json\/wp\/v2\/categories?post=27033"},{"taxonomy":"post_tag","embeddable":true,"href":"https:\/\/dev.vegconom.de\/germany\/wp-json\/wp\/v2\/tags?post=27033"},{"taxonomy":"unternehmen","embeddable":true,"href":"https:\/\/dev.vegconom.de\/germany\/wp-json\/wp\/v2\/unternehmen?post=27033"},{"taxonomy":"regional","embeddable":true,"href":"https:\/\/dev.vegconom.de\/germany\/wp-json\/wp\/v2\/regional?post=27033"},{"taxonomy":"technicaltags","embeddable":true,"href":"https:\/\/dev.vegconom.de\/germany\/wp-json\/wp\/v2\/technicaltags?post=27033"}],"curies":[{"name":"wp","href":"https:\/\/api.w.org\/{rel}","templated":true}]}}