{"id":111219,"date":"2024-06-12T09:18:42","date_gmt":"2024-06-12T07:18:42","guid":{"rendered":"https:\/\/dev.vegconom.de\/germany\/?p=111219"},"modified":"2024-07-02T22:31:06","modified_gmt":"2024-07-02T20:31:06","slug":"julia-hrabal-marketingleiterin-bei-manner","status":"publish","type":"post","link":"https:\/\/dev.vegconom.de\/germany\/unternehmen\/personalien\/julia-hrabal-marketingleiterin-bei-manner\/","title":{"rendered":"Julia Hrabal ist die neue Marketingleiterin bei Manner"},"content":{"rendered":"<p>Julia Hrabal (48) \u00fcbernimmt ab sofort die Marketingleitung des b\u00f6rsennotierten S\u00fc\u00dfwarenunternehmens <a href=\"https:\/\/dev.vegconom.de\/germany\/organisationen-und-marken\/manner\/\">Josef Manner &amp; Comp. AG<\/a>. Zuvor war sie als Director Country Brand Management bei Manner t\u00e4tig. Die FMCG-erprobte Marketing-Spezialistin folgt in dieser Position Rainer Storz nach, der das Unternehmen verl\u00e4sst.<\/p>\n<p>Der Aufgabenbereich von Julia Hrabal umfasst die Markenf\u00fchrung und -aktivierung der Marken <a href=\"https:\/\/dev.vegconom.de\/germany\/food-and-beverage\/suesswaren-snacks\/manner-marketinginitiative-vegan\/\">Manner<\/a>, Casali, Napoli, Victor Schmidt Mozartkugeln und Ildefonso national wie international. Damit verantwortet sie die Bereiche Brand Management, Produktentwicklung\/Innovationsmanagement, Trade Marketing, Digital Marketing und die In-House Grafik.<\/p>\n<figure id=\"attachment_82705\" aria-describedby=\"caption-attachment-82705\" style=\"width: 590px\" class=\"wp-caption aligncenter\"><img loading=\"lazy\" decoding=\"async\" class=\"wp-image-82705\" src=\"https:\/\/dev.vegconom.de\/germany\/wp-content\/uploads\/sites\/2\/Manner-Neapolitaner-Schnitten-300x284.jpg\" alt=\"manner waffel\" width=\"600\" height=\"569\" srcset=\"https:\/\/dev.vegconom.de\/germany\/wp-content\/uploads\/sites\/2\/Manner-Neapolitaner-Schnitten-300x284.jpg 300w, https:\/\/dev.vegconom.de\/germany\/wp-content\/uploads\/sites\/2\/Manner-Neapolitaner-Schnitten-1024x970.jpg 1024w, https:\/\/dev.vegconom.de\/germany\/wp-content\/uploads\/sites\/2\/Manner-Neapolitaner-Schnitten-150x142.jpg 150w, https:\/\/dev.vegconom.de\/germany\/wp-content\/uploads\/sites\/2\/Manner-Neapolitaner-Schnitten-768x728.jpg 768w, https:\/\/dev.vegconom.de\/germany\/wp-content\/uploads\/sites\/2\/Manner-Neapolitaner-Schnitten-1536x1455.jpg 1267w, https:\/\/dev.vegconom.de\/germany\/wp-content\/uploads\/sites\/2\/Manner-Neapolitaner-Schnitten.jpg 1266w\" sizes=\"auto, (max-width: 600px) 100vw, 600px\" \/><figcaption id=\"caption-attachment-82705\" class=\"wp-caption-text\">\u00a9 Josef Manner &amp; Comp AG<\/figcaption><\/figure>\n<p>\u201eWir freuen uns, dass Julia Hrabal die Marketingleitung f\u00fcr Manner \u00fcbernimmt. Sie ist die perfekte Besetzung, da sie mit ihrer langj\u00e4hrigen Konsumg\u00fctererfahrung sowie ihrer Marktforschungs- und Produktentwicklungs-Expertise im Hause Manner nachhaltig \u00fcberzeugen konnte. Zudem bringt sie exzellente Teamf\u00fchrungsqualit\u00e4ten sowie langj\u00e4hrige Erfahrungen in der Zusammenarbeit mit Vertrieb, Distributoren und Agenturen mit. Wir sind davon \u00fcberzeugt, dass Julia Hrabal mit strategischen und spannenden Impulsen das Marketing frisch aufladen und bereichern wird&#8220;, so Sabine Brandl, Vorst\u00e4ndin f\u00fcr Vertrieb, Marketing &amp; HR.<\/p><div class=\"vegco-after-3rd-paragraph-in-content-desktop-only\" style=\"margin-top: 20px;margin-bottom: 45px;\" id=\"vegco-904902972\">        <div class=\"sponsored-post-container advadgroup\" style=\"margin-top: 12px; margin-bottom: 45px;\">\r\n            <p style=\"border-bottom: solid #333 2px; padding-bottom: 5px; font-weight: 900; font-size: 16px;\">Sponsored<\/p>\r\n                            <div class=\"preview-inside-article\">\r\n                    <div class=\"post-image\">\r\n                        <a style=\" text-decoration: none;\" href=\"https:\/\/dev.vegconom.de\/germany\/stellenanzeigen\/mediaberater-m-w-d-gesucht-20-30-stunden-woche\/\">\r\n                                                    <\/a>\r\n                    <\/div>\r\n                    <div class=\"entry-header\">\r\n                        <a\r\n                            style=\"color: #333; font-size:18px!important; text-decoration: none;\" href=\"https:\/\/dev.vegconom.de\/germany\/stellenanzeigen\/mediaberater-m-w-d-gesucht-20-30-stunden-woche\/\">\r\n                            Mediaberater (m\/w\/d) gesucht (20-30 Stunden\/Woche)                        <\/a>\r\n                    <\/div>\r\n                <\/div>\r\n                        <\/div>\r\n        <\/div>\n<p>Julia Hrabal ist seit \u00fcber 20 Jahren bei Manner in verschiedenen Positionen im Marketing t\u00e4tig, unter anderem als erfolgreiche Marketing Managerin f\u00fcr unterschiedliche Marken und das Saisongesch\u00e4ft.<\/p>\n<p>Weitere Informationen: <a href=\"https:\/\/www.manner.com\/\" target=\"_blank\" rel=\"noopener\">manner.com\/de<\/a><\/p><div class=\"vegco-after-5th-paragraph-in-content-mobile-only\" style=\"margin-top: 20px;margin-bottom: 20px;\" id=\"vegco-3681304918\"><div class=\"vegco-adlabel\">Anzeige<\/div>        <div class=\"sponsored-post-container advadgroup\" style=\"margin-top: 12px; margin-bottom: 45px;\">\r\n            <p style=\"border-bottom: solid #333 2px; padding-bottom: 5px; font-weight: 900; font-size: 16px;\">Sponsored<\/p>\r\n                            <div class=\"preview-inside-article\">\r\n                    <div class=\"post-image\">\r\n                        <a style=\" text-decoration: none;\" href=\"https:\/\/dev.vegconom.de\/germany\/stellenanzeigen\/mediaberater-m-w-d-gesucht-20-30-stunden-woche\/\">\r\n                                                    <\/a>\r\n                    <\/div>\r\n                    <div class=\"entry-header\">\r\n                        <a\r\n                            style=\"color: #333; font-size:18px!important; text-decoration: none;\" href=\"https:\/\/dev.vegconom.de\/germany\/stellenanzeigen\/mediaberater-m-w-d-gesucht-20-30-stunden-woche\/\">\r\n                            Mediaberater (m\/w\/d) gesucht (20-30 Stunden\/Woche)                        <\/a>\r\n                    <\/div>\r\n                <\/div>\r\n                        <\/div>\r\n        <\/div>\n<div class=\"vegco-after-content\" id=\"vegco-1383911976\"><hr>\r\n<p style=\"background-color: #e0e0e0; padding: 15px;\"><strong>Jetzt vegconomist+ Unterst\u00fctzer:in werden!<\/strong>\r\n<br>\r\nvegconomist publiziert unabh\u00e4ngig von gro\u00dfen Verlagen. Ihre Unterst\u00fctzung hilft uns dabei, auf vegconomist.de frei zug\u00e4nglich f\u00fcr alle zu bleiben.\r\n<br>\r\n<a href=\"https:\/\/dev.vegconom.de\/germany\/vegconomist-plus\/\">>>> Jetzt unterst\u00fctzen<\/a><\/p><\/div>","protected":false},"excerpt":{"rendered":"<p>Julia Hrabal (48) \u00fcbernimmt ab sofort die Marketingleitung des b\u00f6rsennotierten S\u00fc\u00dfwarenunternehmens Josef Manner &amp; Comp. AG. Zuvor war sie als Director Country Brand Management bei Manner t\u00e4tig. Die FMCG-erprobte Marketing-Spezialistin folgt in dieser Position Rainer Storz nach, der das Unternehmen verl\u00e4sst. Der Aufgabenbereich von Julia Hrabal umfasst die Markenf\u00fchrung und -aktivierung der Marken Manner, Casali, Napoli, Victor Schmidt Mozartkugeln und Ildefonso national wie international. Damit verantwortet sie die Bereiche Brand &#8230; <\/p>\n<p class=\"read-more-container\"><a title=\"Mediaberater (m\/w\/d) gesucht (20-30 Stunden\/Woche)\" class=\"read-more button\" href=\"https:\/\/dev.vegconom.de\/germany\/stellenanzeigen\/mediaberater-m-w-d-gesucht-20-30-stunden-woche\/#more-120498\" aria-label=\"Mehr Informationen \u00fcber Mediaberater (m\/w\/d) gesucht (20-30 Stunden\/Woche)\">mehr<\/a><\/p>\n","protected":false},"author":6,"featured_media":111224,"comment_status":"closed","ping_status":"closed","sticky":false,"template":"","format":"standard","meta":{"_mo_disable_npp":"","ngg_post_thumbnail":0,"footnotes":""},"categories":[50813,80,50822,50811],"tags":[15295],"unternehmen":[56957],"regional":[22,7963],"technicaltags":[],"class_list":["post-111219","post","type-post","status-publish","format-standard","has-post-thumbnail","hentry","category-personalien","category-food-and-beverage","category-suesswaren-snacks","category-unternehmen","tag-management","unternehmen-manner","regional-oesterreich","regional-deutschland","infinite-scroll-item"],"_links":{"self":[{"href":"https:\/\/dev.vegconom.de\/germany\/wp-json\/wp\/v2\/posts\/111219","targetHints":{"allow":["GET"]}}],"collection":[{"href":"https:\/\/dev.vegconom.de\/germany\/wp-json\/wp\/v2\/posts"}],"about":[{"href":"https:\/\/dev.vegconom.de\/germany\/wp-json\/wp\/v2\/types\/post"}],"author":[{"embeddable":true,"href":"https:\/\/dev.vegconom.de\/germany\/wp-json\/wp\/v2\/users\/6"}],"replies":[{"embeddable":true,"href":"https:\/\/dev.vegconom.de\/germany\/wp-json\/wp\/v2\/comments?post=111219"}],"version-history":[{"count":7,"href":"https:\/\/dev.vegconom.de\/germany\/wp-json\/wp\/v2\/posts\/111219\/revisions"}],"predecessor-version":[{"id":112548,"href":"https:\/\/dev.vegconom.de\/germany\/wp-json\/wp\/v2\/posts\/111219\/revisions\/112548"}],"wp:featuredmedia":[{"embeddable":true,"href":"https:\/\/dev.vegconom.de\/germany\/wp-json\/wp\/v2\/media\/111224"}],"wp:attachment":[{"href":"https:\/\/dev.vegconom.de\/germany\/wp-json\/wp\/v2\/media?parent=111219"}],"wp:term":[{"taxonomy":"category","embeddable":true,"href":"https:\/\/dev.vegconom.de\/germany\/wp-json\/wp\/v2\/categories?post=111219"},{"taxonomy":"post_tag","embeddable":true,"href":"https:\/\/dev.vegconom.de\/germany\/wp-json\/wp\/v2\/tags?post=111219"},{"taxonomy":"unternehmen","embeddable":true,"href":"https:\/\/dev.vegconom.de\/germany\/wp-json\/wp\/v2\/unternehmen?post=111219"},{"taxonomy":"regional","embeddable":true,"href":"https:\/\/dev.vegconom.de\/germany\/wp-json\/wp\/v2\/regional?post=111219"},{"taxonomy":"technicaltags","embeddable":true,"href":"https:\/\/dev.vegconom.de\/germany\/wp-json\/wp\/v2\/technicaltags?post=111219"}],"curies":[{"name":"wp","href":"https:\/\/api.w.org\/{rel}","templated":true}]}}