{"id":96821,"date":"2023-10-24T14:25:44","date_gmt":"2023-10-24T12:25:44","guid":{"rendered":"https:\/\/dev.vegconom.de\/germany\/?p=96821"},"modified":"2023-10-24T22:03:28","modified_gmt":"2023-10-24T20:03:28","slug":"europaeisches-parlament-stimmt-fuer-die-foerderung-von-pflanzlichem-protein","status":"publish","type":"post","link":"https:\/\/dev.vegconom.de\/germany\/politik-gesellschaft\/europaeisches-parlament-stimmt-fuer-die-foerderung-von-pflanzlichem-protein\/","title":{"rendered":"Europ\u00e4isches Parlament stimmt f\u00fcr die F\u00f6rderung von pflanzlichem Protein"},"content":{"rendered":"<p style=\"text-align: center\"><strong>Das Europ\u00e4ische Parlament hat f\u00fcr eine Strategie gestimmt, die Produktion und Verbrauch von Pflanzeneiwei\u00df in der EU steigern soll.<\/strong><\/p>\n<p>Die <a href=\"https:\/\/www.bmel.de\/DE\/themen\/landwirtschaft\/pflanzenbau\/ackerbau\/eiweisspflanzenstrategie.html\" target=\"_blank\" rel=\"noopener\">Europ\u00e4ische Eiwei\u00dfstrategie<\/a>, die im Europ\u00e4ischen Parlament zur Abstimmung stand und auf einem im letzten Monat ver\u00f6ffentlichten Initiativbericht basiert, unterstreicht die Bedeutung eiwei\u00dfreicher Pflanzen f\u00fcr die Verbesserung der Ern\u00e4hrungssicherheit und der Nachhaltigkeit. Der Bericht ist zwar nicht bindend, hatte aber dennoch das Potenzial, die Kommission zu beeinflussen.<\/p>\n<p>Die Europaabgeordneten stimmten mit 305 zu 109 Stimmen f\u00fcr die Strategie, 69 enthielten sich. Die Bef\u00fcrworter der Strategie fordern spezielle Fonds f\u00fcr pflanzliche Proteine sowie Programme zur F\u00f6rderung des Anbaus von Leguminosen und zur Diversifizierung der produzierten Proteinarten. Au\u00dferdem schlagen sie mehr Forschung und Entwicklung im Bereich der pflanzlichen Proteine vor.<\/p><div class=\"vegco-after-3rd-paragraph-in-content-desktop-only\" style=\"margin-top: 20px;margin-bottom: 45px;\" id=\"vegco-3086432257\">        <div class=\"sponsored-post-container advadgroup\" style=\"margin-top: 12px; margin-bottom: 45px;\">\r\n            <p style=\"border-bottom: solid #333 2px; padding-bottom: 5px; font-weight: 900; font-size: 16px;\">Sponsored<\/p>\r\n                            <div class=\"preview-inside-article\">\r\n                    <div class=\"post-image\">\r\n                        <a style=\" text-decoration: none;\" href=\"https:\/\/dev.vegconom.de\/germany\/stellenanzeigen\/mediaberater-m-w-d-gesucht-20-30-stunden-woche\/\">\r\n                                                    <\/a>\r\n                    <\/div>\r\n                    <div class=\"entry-header\">\r\n                        <a\r\n                            style=\"color: #333; font-size:18px!important; text-decoration: none;\" href=\"https:\/\/dev.vegconom.de\/germany\/stellenanzeigen\/mediaberater-m-w-d-gesucht-20-30-stunden-woche\/\">\r\n                            Mediaberater (m\/w\/d) gesucht (20-30 Stunden\/Woche)                        <\/a>\r\n                    <\/div>\r\n                <\/div>\r\n                        <\/div>\r\n        <\/div>\n<p>Die Entwicklungen kommen im Gefolge des Konflikts in der Ukraine und seiner Auswirkungen auf die Lebensmittelversorgungsketten, der die <a href=\"https:\/\/dev.vegconom.de\/germany\/food-and-beverage\/donau-soja-zum-welternaehrungstag\/\">Notwendigkeit einer gr\u00f6\u00dferen Lebensmittelsicherheit<\/a> in den Vordergrund ger\u00fcckt hat. Dar\u00fcber hinaus w\u00e4chst das Bewusstsein f\u00fcr die Auswirkungen von importiertem Soja (das vor allem als Tierfutter verwendet wird) auf die Abholzung des Regenwaldes im Amazonasgebiet.<\/p>\n<figure id=\"attachment_96822\" aria-describedby=\"caption-attachment-96822\" style=\"width: 990px\" class=\"wp-caption aligncenter\"><img loading=\"lazy\" decoding=\"async\" class=\"wp-image-96822 size-full\" src=\"https:\/\/dev.vegconom.de\/germany\/wp-content\/uploads\/sites\/2\/bunge-soybean-field-e1688683156213.jpg\" alt=\"Mann auf einem Soja-Feld\" width=\"1000\" height=\"665\" srcset=\"https:\/\/dev.vegconom.de\/germany\/wp-content\/uploads\/sites\/2\/bunge-soybean-field-e1688683156213.jpg 1000w, https:\/\/dev.vegconom.de\/germany\/wp-content\/uploads\/sites\/2\/bunge-soybean-field-e1688683156213-300x200.jpg 300w, https:\/\/dev.vegconom.de\/germany\/wp-content\/uploads\/sites\/2\/bunge-soybean-field-e1688683156213-150x100.jpg 150w, https:\/\/dev.vegconom.de\/germany\/wp-content\/uploads\/sites\/2\/bunge-soybean-field-e1688683156213-768x511.jpg 768w\" sizes=\"auto, (max-width: 1000px) 100vw, 1000px\" \/><figcaption id=\"caption-attachment-96822\" class=\"wp-caption-text\">\u00a9 Bunge<\/figcaption><\/figure>\n<h2>Nachhaltige Ern\u00e4hrungszukunft f\u00fcr Europa<\/h2>\n<p>Die Abstimmung erfolgt nur eine Woche, nachdem <a href=\"https:\/\/dev.vegconom.de\/germany\/investments-finance\/daenemark-finanzsektor-wird-aufgefordert\/\">D\u00e4nemark<\/a> als erstes Land einen nationalen Aktionsplan f\u00fcr pflanzliche Lebensmittel ver\u00f6ffentlicht hat. Das Land wird daran arbeiten, seinen pflanzlichen Sektor zu st\u00e4rken und zu f\u00f6rdern, um nachhaltiger zu werden. Der Plan folgt auf eine zukunftsweisende politische Vereinbarung in D\u00e4nemark aus dem Jahr 2021, die Landwirten, die pflanzliche Lebensmittel erzeugen, 90 Millionen Dollar zur Verf\u00fcgung stellt.<\/p><div class=\"vegco-after-5th-paragraph-in-content-mobile-only\" style=\"margin-top: 20px;margin-bottom: 20px;\" id=\"vegco-2377825817\"><div class=\"vegco-adlabel\">Anzeige<\/div>        <div class=\"sponsored-post-container advadgroup\" style=\"margin-top: 12px; margin-bottom: 45px;\">\r\n            <p style=\"border-bottom: solid #333 2px; padding-bottom: 5px; font-weight: 900; font-size: 16px;\">Sponsored<\/p>\r\n                            <div class=\"preview-inside-article\">\r\n                    <div class=\"post-image\">\r\n                        <a style=\" text-decoration: none;\" href=\"https:\/\/dev.vegconom.de\/germany\/stellenanzeigen\/mediaberater-m-w-d-gesucht-20-30-stunden-woche\/\">\r\n                                                    <\/a>\r\n                    <\/div>\r\n                    <div class=\"entry-header\">\r\n                        <a\r\n                            style=\"color: #333; font-size:18px!important; text-decoration: none;\" href=\"https:\/\/dev.vegconom.de\/germany\/stellenanzeigen\/mediaberater-m-w-d-gesucht-20-30-stunden-woche\/\">\r\n                            Mediaberater (m\/w\/d) gesucht (20-30 Stunden\/Woche)                        <\/a>\r\n                    <\/div>\r\n                <\/div>\r\n                        <\/div>\r\n        <\/div>\n<p>Eine weitere gute Nachricht f\u00fcr den europ\u00e4ischen Sektor der pflanzlichen Proteine ist, dass Italien gerade zwei Gesetzesentw\u00fcrfe zur\u00fcckgezogen hat, die die Produktion und Vermarktung von kultiviertem Fleisch verboten und die Verwendung von &#8222;fleisch\u00e4hnlichen&#8220; Begriffen auf der Verpackung von pflanzlichen Produkten eingeschr\u00e4nkt h\u00e4tten.<\/p>\n<p>&#8222;Die Steigerung der Produktion und des Verbrauchs von Pflanzenproteinen ist ein notwendiger und wichtiger Schritt in Richtung einer nachhaltigen Zukunft&#8220;, sagte Lucia Hortelano, EU Policy Manager bei <a href=\"https:\/\/dev.vegconom.de\/germany\/organisationen-und-marken\/proveg\/\">ProVeg<\/a>. &#8222;Wir m\u00fcssen unsere Abh\u00e4ngigkeit von Importen verringern und innovative Proteinquellen erforschen, die sowohl der Ern\u00e4hrungssicherheit als auch der Umwelt zugutekommen. Wir fordern die Kommission auf, diese Chance zu ergreifen und einen ehrgeizigeren Bericht vorzulegen, um die Zukunft von pflanzlichen und alternativen Proteinen zu unterst\u00fctzen, sobald der Abschlussbericht Anfang n\u00e4chsten Jahres ver\u00f6ffentlicht wird.&#8220;<\/p>\n<p>Weitere Informationen: <a href=\"https:\/\/www.europarl.europa.eu\/portal\/de\" target=\"_blank\" rel=\"noopener\">www.europarl.europa.eu\/portal\/de<\/a><\/p>\n<div class=\"vegco-after-content\" id=\"vegco-2359906361\"><hr>\r\n<p style=\"background-color: #e0e0e0; padding: 15px;\"><strong>Jetzt vegconomist+ Unterst\u00fctzer:in werden!<\/strong>\r\n<br>\r\nvegconomist publiziert unabh\u00e4ngig von gro\u00dfen Verlagen. Ihre Unterst\u00fctzung hilft uns dabei, auf vegconomist.de frei zug\u00e4nglich f\u00fcr alle zu bleiben.\r\n<br>\r\n<a href=\"https:\/\/dev.vegconom.de\/germany\/vegconomist-plus\/\">>>> Jetzt unterst\u00fctzen<\/a><\/p><\/div>","protected":false},"excerpt":{"rendered":"<p>Das Europ\u00e4ische Parlament hat f\u00fcr eine Strategie gestimmt, die Produktion und Verbrauch von Pflanzeneiwei\u00df in der EU steigern soll. Die Europ\u00e4ische Eiwei\u00dfstrategie, die im Europ\u00e4ischen Parlament zur Abstimmung stand und auf einem im letzten Monat ver\u00f6ffentlichten Initiativbericht basiert, unterstreicht die Bedeutung eiwei\u00dfreicher Pflanzen f\u00fcr die Verbesserung der Ern\u00e4hrungssicherheit und der Nachhaltigkeit. Der Bericht ist zwar nicht bindend, hatte aber dennoch das Potenzial, die Kommission zu beeinflussen. Die Europaabgeordneten stimmten mit &#8230; <\/p>\n<p class=\"read-more-container\"><a title=\"Mediaberater (m\/w\/d) gesucht (20-30 Stunden\/Woche)\" class=\"read-more button\" href=\"https:\/\/dev.vegconom.de\/germany\/stellenanzeigen\/mediaberater-m-w-d-gesucht-20-30-stunden-woche\/#more-120498\" aria-label=\"Mehr Informationen \u00fcber Mediaberater (m\/w\/d) gesucht (20-30 Stunden\/Woche)\">mehr<\/a><\/p>\n","protected":false},"author":33,"featured_media":96542,"comment_status":"closed","ping_status":"closed","sticky":false,"template":"","format":"standard","meta":{"_mo_disable_npp":"","ngg_post_thumbnail":0,"footnotes":""},"categories":[111,80,47658],"tags":[52986,8045,53237],"unternehmen":[54482,54495],"regional":[7668,1038],"technicaltags":[],"class_list":["post-96821","post","type-post","status-publish","format-standard","has-post-thumbnail","hentry","category-politik-gesellschaft","category-food-and-beverage","category-top-themen","tag-ernaehrungssicherheit","tag-produktion","tag-zukunft","unternehmen-eu","unternehmen-proveg","regional-daenemark","regional-europa","infinite-scroll-item"],"_links":{"self":[{"href":"https:\/\/dev.vegconom.de\/germany\/wp-json\/wp\/v2\/posts\/96821","targetHints":{"allow":["GET"]}}],"collection":[{"href":"https:\/\/dev.vegconom.de\/germany\/wp-json\/wp\/v2\/posts"}],"about":[{"href":"https:\/\/dev.vegconom.de\/germany\/wp-json\/wp\/v2\/types\/post"}],"author":[{"embeddable":true,"href":"https:\/\/dev.vegconom.de\/germany\/wp-json\/wp\/v2\/users\/33"}],"replies":[{"embeddable":true,"href":"https:\/\/dev.vegconom.de\/germany\/wp-json\/wp\/v2\/comments?post=96821"}],"version-history":[{"count":4,"href":"https:\/\/dev.vegconom.de\/germany\/wp-json\/wp\/v2\/posts\/96821\/revisions"}],"predecessor-version":[{"id":96856,"href":"https:\/\/dev.vegconom.de\/germany\/wp-json\/wp\/v2\/posts\/96821\/revisions\/96856"}],"wp:featuredmedia":[{"embeddable":true,"href":"https:\/\/dev.vegconom.de\/germany\/wp-json\/wp\/v2\/media\/96542"}],"wp:attachment":[{"href":"https:\/\/dev.vegconom.de\/germany\/wp-json\/wp\/v2\/media?parent=96821"}],"wp:term":[{"taxonomy":"category","embeddable":true,"href":"https:\/\/dev.vegconom.de\/germany\/wp-json\/wp\/v2\/categories?post=96821"},{"taxonomy":"post_tag","embeddable":true,"href":"https:\/\/dev.vegconom.de\/germany\/wp-json\/wp\/v2\/tags?post=96821"},{"taxonomy":"unternehmen","embeddable":true,"href":"https:\/\/dev.vegconom.de\/germany\/wp-json\/wp\/v2\/unternehmen?post=96821"},{"taxonomy":"regional","embeddable":true,"href":"https:\/\/dev.vegconom.de\/germany\/wp-json\/wp\/v2\/regional?post=96821"},{"taxonomy":"technicaltags","embeddable":true,"href":"https:\/\/dev.vegconom.de\/germany\/wp-json\/wp\/v2\/technicaltags?post=96821"}],"curies":[{"name":"wp","href":"https:\/\/api.w.org\/{rel}","templated":true}]}}