{"id":34748,"date":"2020-11-06T12:29:23","date_gmt":"2020-11-06T11:29:23","guid":{"rendered":"https:\/\/dev.vegconom.de\/germany\/?p=34748"},"modified":"2020-11-06T13:33:41","modified_gmt":"2020-11-06T12:33:41","slug":"vivera-kooperiert-mit-proveg-zur-foerderung-der-veggie-challenge","status":"publish","type":"post","link":"https:\/\/dev.vegconom.de\/germany\/food-and-beverage\/vivera-kooperiert-mit-proveg-zur-foerderung-der-veggie-challenge\/","title":{"rendered":"Vivera kooperiert mit ProVeg zur F\u00f6rderung der Veggie-Challenge"},"content":{"rendered":"<p><a href=\"https:\/\/vivera.com\/nl\/\" target=\"_blank\" rel=\"noopener\">Vivera<\/a>, einer der f\u00fchrenden niederl\u00e4ndischen Hersteller von pflanzlichen Fleischalternativen, k\u00fcndigte diese Woche eine <a href=\"https:\/\/proveg.com\/nl\/blog\/partnerschap-vivera\/\" target=\"_blank\" rel=\"noopener\">Partnerschaft mit ProVeg<\/a> an, um die erfolgreiche Veggie-Challenge der internationalen Ern\u00e4hrungsorganisation zu f\u00f6rdern. Gemeinsam hoffen sie, einen Schneeballeffekt zu erzeugen, der Europa der fleischlosen Ern\u00e4hrung einen Schritt n\u00e4her bringt.<!--more--><\/p>\n<p>Vivera ist der drittgr\u00f6\u00dfte Produzent von Fleischersatzprodukten in Europa und verkauft etwa 40 Millionen Einheiten pro Jahr. Im September k\u00fcndigte das niederl\u00e4ndische Unternehmen anl\u00e4sslich seines 30. Geburtstags an, <a href=\"https:\/\/dev.vegconom.de\/germany\/unternehmen-und-portraits\/vivera-investiert-30-millionen-euro-zur-verdoppelung-seiner-produktionskapazitaeten\/\">30 Millionen Euro zu investieren<\/a>, um unter anderem seine <a href=\"https:\/\/dev.vegconom.de\/germany\/produkte-und-neuerscheinungen\/vivera-250-mio-e-umsatz-im-jahr-2025\/\">Produktionskapazit\u00e4ten<\/a> weiter auszubauen. Dar\u00fcber hinaus war Vivera einer der ersten Fleischhersteller, der die eigene Fleischproduktion komplett auf pflanzliche Produkte umstellte.<\/p>\n<figure id=\"attachment_24455\" aria-describedby=\"caption-attachment-24455\" style=\"width: 290px\" class=\"wp-caption alignright\"><img loading=\"lazy\" decoding=\"async\" class=\"size-medium wp-image-24455\" src=\"https:\/\/dev.vegconom.de\/germany\/wp-content\/uploads\/sites\/2\/vivera-1-300x300.png\" alt=\"\" width=\"300\" height=\"300\" srcset=\"https:\/\/dev.vegconom.de\/germany\/wp-content\/uploads\/sites\/2\/vivera-1-300x300.png 300w, https:\/\/dev.vegconom.de\/germany\/wp-content\/uploads\/sites\/2\/vivera-1-150x150.png 150w, https:\/\/dev.vegconom.de\/germany\/wp-content\/uploads\/sites\/2\/vivera-1-768x768.png 768w, https:\/\/dev.vegconom.de\/germany\/wp-content\/uploads\/sites\/2\/vivera-1-1024x1024.png 1024w, https:\/\/dev.vegconom.de\/germany\/wp-content\/uploads\/sites\/2\/vivera-1-1320x1320.png 1320w\" sizes=\"auto, (max-width: 300px) 100vw, 300px\" \/><figcaption id=\"caption-attachment-24455\" class=\"wp-caption-text\">\u00a9 Vivera<\/figcaption><\/figure>\n<p>Willem van Weede, CEO von Vivera, kommentierte: &#8222;Man kann hartn\u00e4ckig wegschauen oder mit Volldampf alte Konventionen brechen. In ein paar Jahren werden die Menschen zur\u00fcckblicken und viele werden das Fleischessen als unsozial empfinden.&#8220;<\/p><div class=\"vegco-after-3rd-paragraph-in-content-desktop-only\" style=\"margin-top: 20px;margin-bottom: 45px;\" id=\"vegco-324116973\">        <div class=\"sponsored-post-container advadgroup\" style=\"margin-top: 12px; margin-bottom: 45px;\">\r\n            <p style=\"border-bottom: solid #333 2px; padding-bottom: 5px; font-weight: 900; font-size: 16px;\">Sponsored<\/p>\r\n                            <div class=\"preview-inside-article\">\r\n                    <div class=\"post-image\">\r\n                        <a style=\" text-decoration: none;\" href=\"https:\/\/dev.vegconom.de\/germany\/stellenanzeigen\/mediaberater-m-w-d-gesucht-20-30-stunden-woche\/\">\r\n                                                    <\/a>\r\n                    <\/div>\r\n                    <div class=\"entry-header\">\r\n                        <a\r\n                            style=\"color: #333; font-size:18px!important; text-decoration: none;\" href=\"https:\/\/dev.vegconom.de\/germany\/stellenanzeigen\/mediaberater-m-w-d-gesucht-20-30-stunden-woche\/\">\r\n                            Mediaberater (m\/w\/d) gesucht (20-30 Stunden\/Woche)                        <\/a>\r\n                    <\/div>\r\n                <\/div>\r\n                        <\/div>\r\n        <\/div>\n<p>Als Organisation hat Proveg bis heute \u00fcber 300.000 Menschen geholfen, ihren Fleischkonsum zu reduzieren. Dar\u00fcber hinaus gilt der <a href=\"https:\/\/dev.vegconom.de\/germany\/startups\/proveg-inkubator-gibt-neue-startup-kohorte-bekannt\/\">ProVeg-Inkubator als der weltweit f\u00fchrende Inkubator<\/a> f\u00fcr Start-ups im Bereich pflanzlicher und kultivierter Lebensmittel. Dank der neuen Partnerschaft arbeiten Vivera und ProVeg nun gemeinsam an einer st\u00e4rker pflanzlich gepr\u00e4gten Zukunft.<\/p>\n<p>Im Rahmen der Partnerschaft wird die ProVeg Veggie-Challenge auf allen Vivera-Verpackungen zu finden sein: 40 Millionen Produkte pro Jahr. Dar\u00fcber hinaus wird Vivera im Januar 2021 an der gro\u00df angelegten Veggie-Challenge-Kampagne teilnehmen. Vivera hat au\u00dferdem angek\u00fcndigt, dass alle hauseigenen Produkte, die derzeit noch Milchk\u00e4se enthalten, als vegane Alternative neu konzipiert werden.<\/p><div class=\"vegco-after-5th-paragraph-in-content-mobile-only\" style=\"margin-top: 20px;margin-bottom: 20px;\" id=\"vegco-425913382\"><div class=\"vegco-adlabel\">Anzeige<\/div>        <div class=\"sponsored-post-container advadgroup\" style=\"margin-top: 12px; margin-bottom: 45px;\">\r\n            <p style=\"border-bottom: solid #333 2px; padding-bottom: 5px; font-weight: 900; font-size: 16px;\">Sponsored<\/p>\r\n                            <div class=\"preview-inside-article\">\r\n                    <div class=\"post-image\">\r\n                        <a style=\" text-decoration: none;\" href=\"https:\/\/dev.vegconom.de\/germany\/marketing-und-medien\/update-business-webtalk-teil-7\/\">\r\n                            <img loading=\"lazy\" decoding=\"async\" width=\"1200\" height=\"900\" src=\"https:\/\/assets.vegconom.de\/media\/wp-content\/uploads\/sites\/2\/2024\/11\/13100235\/DECEMBER-Artikel-HeaderThumbnail-update-1200-x-900-px-vegconomist-update-business-webtalk.jpg\" class=\"attachment-full size-full wp-post-image\" alt=\"update business webtalk\" srcset=\"https:\/\/assets.vegconom.de\/media\/wp-content\/uploads\/sites\/2\/2024\/11\/13100235\/DECEMBER-Artikel-HeaderThumbnail-update-1200-x-900-px-vegconomist-update-business-webtalk.jpg 1200w, https:\/\/assets.vegconom.de\/media\/wp-content\/uploads\/sites\/2\/2024\/11\/13100235\/DECEMBER-Artikel-HeaderThumbnail-update-1200-x-900-px-vegconomist-update-business-webtalk-300x225.jpg 300w, https:\/\/assets.vegconom.de\/media\/wp-content\/uploads\/sites\/2\/2024\/11\/13100235\/DECEMBER-Artikel-HeaderThumbnail-update-1200-x-900-px-vegconomist-update-business-webtalk-1024x768.jpg 1024w, https:\/\/assets.vegconom.de\/media\/wp-content\/uploads\/sites\/2\/2024\/11\/13100235\/DECEMBER-Artikel-HeaderThumbnail-update-1200-x-900-px-vegconomist-update-business-webtalk-150x113.jpg 150w, https:\/\/assets.vegconom.de\/media\/wp-content\/uploads\/sites\/2\/2024\/11\/13100235\/DECEMBER-Artikel-HeaderThumbnail-update-1200-x-900-px-vegconomist-update-business-webtalk-768x576.jpg 768w\" sizes=\"(max-width: 1200px) 100vw, 1200px\" \/>                        <\/a>\r\n                    <\/div>\r\n                    <div class=\"entry-header\">\r\n                        <a\r\n                            style=\"color: #333; font-size:18px!important; text-decoration: none;\" href=\"https:\/\/dev.vegconom.de\/germany\/marketing-und-medien\/update-business-webtalk-teil-7\/\">\r\n                            update Business Webtalk Teil 7: Reflecting on 2024 and Future Prospects \u2013 What\u2019s Next in the Alt Protein Industry?                        <\/a>\r\n                    <\/div>\r\n                <\/div>\r\n                        <\/div>\r\n        <\/div>\n<div class=\"vegco-after-content\" id=\"vegco-3982807163\"><hr>\r\n<p style=\"background-color: #e0e0e0; padding: 15px;\">Unsere Betriebskosten steigen, die Erl\u00f6se stagnieren. Wenn Sie unsere Inhalte sch\u00e4tzen, k\u00f6nnen Sie unsere Arbeit mit einem vegconomist+ Unterst\u00fctzer-Abo f\u00f6rdern. Planbare Eink\u00fcnfte stellen sicher, dass wir unsere Produkte weiterhin unabh\u00e4ngig, reichweitenstark und kostenfrei zur Verf\u00fcgung stellen k\u00f6nnen.\r\n<br>\r\n<a href=\"https:\/\/dev.vegconom.de\/germany\/vegconomist-plus\/\">>>> Jetzt unterst\u00fctzen<\/a><\/p><\/div>","protected":false},"excerpt":{"rendered":"<p>Vivera, einer der f\u00fchrenden niederl\u00e4ndischen Hersteller von pflanzlichen Fleischalternativen, k\u00fcndigte diese Woche eine Partnerschaft mit ProVeg an, um die erfolgreiche Veggie-Challenge der internationalen Ern\u00e4hrungsorganisation zu f\u00f6rdern. Gemeinsam hoffen sie, einen Schneeballeffekt zu erzeugen, der Europa der fleischlosen Ern\u00e4hrung einen Schritt n\u00e4her bringt.<\/p>\n","protected":false},"author":6,"featured_media":34749,"comment_status":"closed","ping_status":"closed","sticky":false,"template":"","format":"standard","meta":{"_mo_disable_npp":"","ngg_post_thumbnail":0,"footnotes":""},"categories":[80,50818],"tags":[8045],"unternehmen":[54495,2206],"regional":[],"technicaltags":[],"class_list":["post-34748","post","type-post","status-publish","format-standard","has-post-thumbnail","hentry","category-food-and-beverage","category-fleisch-und-fischalternativen","tag-produktion","unternehmen-proveg","unternehmen-vivera","infinite-scroll-item"],"_links":{"self":[{"href":"https:\/\/dev.vegconom.de\/germany\/wp-json\/wp\/v2\/posts\/34748","targetHints":{"allow":["GET"]}}],"collection":[{"href":"https:\/\/dev.vegconom.de\/germany\/wp-json\/wp\/v2\/posts"}],"about":[{"href":"https:\/\/dev.vegconom.de\/germany\/wp-json\/wp\/v2\/types\/post"}],"author":[{"embeddable":true,"href":"https:\/\/dev.vegconom.de\/germany\/wp-json\/wp\/v2\/users\/6"}],"replies":[{"embeddable":true,"href":"https:\/\/dev.vegconom.de\/germany\/wp-json\/wp\/v2\/comments?post=34748"}],"version-history":[{"count":0,"href":"https:\/\/dev.vegconom.de\/germany\/wp-json\/wp\/v2\/posts\/34748\/revisions"}],"wp:featuredmedia":[{"embeddable":true,"href":"https:\/\/dev.vegconom.de\/germany\/wp-json\/wp\/v2\/media\/34749"}],"wp:attachment":[{"href":"https:\/\/dev.vegconom.de\/germany\/wp-json\/wp\/v2\/media?parent=34748"}],"wp:term":[{"taxonomy":"category","embeddable":true,"href":"https:\/\/dev.vegconom.de\/germany\/wp-json\/wp\/v2\/categories?post=34748"},{"taxonomy":"post_tag","embeddable":true,"href":"https:\/\/dev.vegconom.de\/germany\/wp-json\/wp\/v2\/tags?post=34748"},{"taxonomy":"unternehmen","embeddable":true,"href":"https:\/\/dev.vegconom.de\/germany\/wp-json\/wp\/v2\/unternehmen?post=34748"},{"taxonomy":"regional","embeddable":true,"href":"https:\/\/dev.vegconom.de\/germany\/wp-json\/wp\/v2\/regional?post=34748"},{"taxonomy":"technicaltags","embeddable":true,"href":"https:\/\/dev.vegconom.de\/germany\/wp-json\/wp\/v2\/technicaltags?post=34748"}],"curies":[{"name":"wp","href":"https:\/\/api.w.org\/{rel}","templated":true}]}}