{"id":119366,"date":"2024-10-29T19:17:22","date_gmt":"2024-10-29T18:17:22","guid":{"rendered":"https:\/\/dev.vegconom.de\/germany\/?p=119366"},"modified":"2024-10-29T19:17:22","modified_gmt":"2024-10-29T18:17:22","slug":"praxis-schulung-biozyklisch-bodensee","status":"publish","type":"post","link":"https:\/\/dev.vegconom.de\/germany\/messen-und-events\/praxis-schulung-biozyklisch-bodensee\/","title":{"rendered":"Praxis-Schulung zum biozyklisch-veganen Anbau am Bodensee"},"content":{"rendered":"<section class=\"elementor-section elementor-top-section elementor-element elementor-element-eaddb56 elementor-section-boxed elementor-section-height-default elementor-section-height-default\" data-id=\"eaddb56\" data-element_type=\"section\">\n<div class=\"elementor-container elementor-column-gap-default\">\n<div class=\"elementor-column elementor-col-100 elementor-top-column elementor-element elementor-element-64eb286\" data-id=\"64eb286\" data-element_type=\"column\">\n<div class=\"elementor-widget-wrap elementor-element-populated\">\n<div class=\"elementor-element elementor-element-00bbe51 elementor-widget elementor-widget-text-editor\" data-id=\"00bbe51\" data-element_type=\"widget\" data-widget_type=\"text-editor.default\">\n<div class=\"elementor-widget-container\">\n<p style=\"text-align: center\"><strong>Der F\u00f6rderkreis Biozyklisch-Veganer Anbau e. V. l\u00e4dt interessierte Landwirtinnen und Landwirte zu einer ganzt\u00e4gigen Praxis-Schulung 11. November am Bodensee am 2024 ein.<\/strong><\/p>\n<p>Die Praxis-Schulung startet mit der Besichtigung der <a href=\"https:\/\/www.moosfeld.de\/\" target=\"_blank\" rel=\"noopener\">Moosfeld Gem\u00fcse GmbH<\/a> mit Betriebsleiter Jakob Mannherz. Der Betrieb setzt erfolgreich unterschiedliche biozyklisch-vegane D\u00fcngestrategien um und nutzt vielf\u00e4ltige Vermarktungswege. Nach der ausf\u00fchrlichen Betriebsf\u00fchrung und einem gemeinsamen Mittagessen in Radolfzell wird die Schulung im Seminarraum im ehemaligen <a href=\"https:\/\/milchwerk-radolfzell.de\/\" target=\"_blank\" rel=\"noopener\">Milchwerk<\/a> von Radolfzell fortgesetzt. Dabei geht es dann um die Besonderheiten im biozyklisch-veganen Anbau, beispielsweise die verschiedenen M\u00f6glichkeiten zur D\u00fcngung und die notwendigen Schritte zur Zertifizierung. Auch f\u00fcr Fragen und Diskussion wird es Raum geben.<\/p>\n<p>Offiziell endet die Schulung um 18 Uhr. Es besteht aber die M\u00f6glichkeit, die Vernetzung beim Abendessen in der <a href=\"https:\/\/www.veganegastrothekcharisma.de\/home.html\" target=\"_blank\" rel=\"noopener\">Gastrothek Charisma<\/a> fortzusetzen.<\/p><div class=\"vegco-after-3rd-paragraph-in-content-desktop-only\" style=\"margin-top: 20px;margin-bottom: 45px;\" id=\"vegco-185336343\">        <div class=\"sponsored-post-container advadgroup\" style=\"margin-top: 12px; margin-bottom: 45px;\">\r\n            <p style=\"border-bottom: solid #333 2px; padding-bottom: 5px; font-weight: 900; font-size: 16px;\">Sponsored<\/p>\r\n                            <div class=\"preview-inside-article\">\r\n                    <div class=\"post-image\">\r\n                        <a style=\" text-decoration: none;\" href=\"https:\/\/dev.vegconom.de\/germany\/marketing-und-medien\/update-business-webtalk-teil-7\/\">\r\n                            <img loading=\"lazy\" decoding=\"async\" width=\"1200\" height=\"900\" src=\"https:\/\/assets.vegconom.de\/media\/wp-content\/uploads\/sites\/2\/2024\/11\/13100235\/DECEMBER-Artikel-HeaderThumbnail-update-1200-x-900-px-vegconomist-update-business-webtalk.jpg\" class=\"attachment-full size-full wp-post-image\" alt=\"update business webtalk\" srcset=\"https:\/\/assets.vegconom.de\/media\/wp-content\/uploads\/sites\/2\/2024\/11\/13100235\/DECEMBER-Artikel-HeaderThumbnail-update-1200-x-900-px-vegconomist-update-business-webtalk.jpg 1200w, https:\/\/assets.vegconom.de\/media\/wp-content\/uploads\/sites\/2\/2024\/11\/13100235\/DECEMBER-Artikel-HeaderThumbnail-update-1200-x-900-px-vegconomist-update-business-webtalk-300x225.jpg 300w, https:\/\/assets.vegconom.de\/media\/wp-content\/uploads\/sites\/2\/2024\/11\/13100235\/DECEMBER-Artikel-HeaderThumbnail-update-1200-x-900-px-vegconomist-update-business-webtalk-1024x768.jpg 1024w, https:\/\/assets.vegconom.de\/media\/wp-content\/uploads\/sites\/2\/2024\/11\/13100235\/DECEMBER-Artikel-HeaderThumbnail-update-1200-x-900-px-vegconomist-update-business-webtalk-150x113.jpg 150w, https:\/\/assets.vegconom.de\/media\/wp-content\/uploads\/sites\/2\/2024\/11\/13100235\/DECEMBER-Artikel-HeaderThumbnail-update-1200-x-900-px-vegconomist-update-business-webtalk-768x576.jpg 768w\" sizes=\"(max-width: 1200px) 100vw, 1200px\" \/>                        <\/a>\r\n                    <\/div>\r\n                    <div class=\"entry-header\">\r\n                        <a\r\n                            style=\"color: #333; font-size:18px!important; text-decoration: none;\" href=\"https:\/\/dev.vegconom.de\/germany\/marketing-und-medien\/update-business-webtalk-teil-7\/\">\r\n                            update Business Webtalk Teil 7: Reflecting on 2024 and Future Prospects \u2013 What\u2019s Next in the Alt Protein Industry?                        <\/a>\r\n                    <\/div>\r\n                <\/div>\r\n                        <\/div>\r\n        <\/div>\n<p class=\"v1elementToProof\">Die Anmeldefrist f\u00fcr die Praxis-Schulung bei der Moosfeld Gem\u00fcse GmbH endet bereits n\u00e4chste Woche: Obwohl sich die Schulung vorangig an Personen aus der landwirtschaftlichen Praxis richten, so sind auch andere Interessierte herzlich willkommen.<\/p><div class=\"vegco-after-5th-paragraph-in-content-mobile-only\" style=\"margin-top: 20px;margin-bottom: 20px;\" id=\"vegco-3643674132\"><div class=\"vegco-adlabel\">Anzeige<\/div>        <div class=\"sponsored-post-container advadgroup\" style=\"margin-top: 12px; margin-bottom: 45px;\">\r\n            <p style=\"border-bottom: solid #333 2px; padding-bottom: 5px; font-weight: 900; font-size: 16px;\">Sponsored<\/p>\r\n                            <div class=\"preview-inside-article\">\r\n                    <div class=\"post-image\">\r\n                        <a style=\" text-decoration: none;\" href=\"https:\/\/dev.vegconom.de\/germany\/marketing-und-medien\/update-business-webtalk-teil-7\/\">\r\n                            <img loading=\"lazy\" decoding=\"async\" width=\"1200\" height=\"900\" src=\"https:\/\/assets.vegconom.de\/media\/wp-content\/uploads\/sites\/2\/2024\/11\/13100235\/DECEMBER-Artikel-HeaderThumbnail-update-1200-x-900-px-vegconomist-update-business-webtalk.jpg\" class=\"attachment-full size-full wp-post-image\" alt=\"update business webtalk\" srcset=\"https:\/\/assets.vegconom.de\/media\/wp-content\/uploads\/sites\/2\/2024\/11\/13100235\/DECEMBER-Artikel-HeaderThumbnail-update-1200-x-900-px-vegconomist-update-business-webtalk.jpg 1200w, https:\/\/assets.vegconom.de\/media\/wp-content\/uploads\/sites\/2\/2024\/11\/13100235\/DECEMBER-Artikel-HeaderThumbnail-update-1200-x-900-px-vegconomist-update-business-webtalk-300x225.jpg 300w, https:\/\/assets.vegconom.de\/media\/wp-content\/uploads\/sites\/2\/2024\/11\/13100235\/DECEMBER-Artikel-HeaderThumbnail-update-1200-x-900-px-vegconomist-update-business-webtalk-1024x768.jpg 1024w, https:\/\/assets.vegconom.de\/media\/wp-content\/uploads\/sites\/2\/2024\/11\/13100235\/DECEMBER-Artikel-HeaderThumbnail-update-1200-x-900-px-vegconomist-update-business-webtalk-150x113.jpg 150w, https:\/\/assets.vegconom.de\/media\/wp-content\/uploads\/sites\/2\/2024\/11\/13100235\/DECEMBER-Artikel-HeaderThumbnail-update-1200-x-900-px-vegconomist-update-business-webtalk-768x576.jpg 768w\" sizes=\"(max-width: 1200px) 100vw, 1200px\" \/>                        <\/a>\r\n                    <\/div>\r\n                    <div class=\"entry-header\">\r\n                        <a\r\n                            style=\"color: #333; font-size:18px!important; text-decoration: none;\" href=\"https:\/\/dev.vegconom.de\/germany\/marketing-und-medien\/update-business-webtalk-teil-7\/\">\r\n                            update Business Webtalk Teil 7: Reflecting on 2024 and Future Prospects \u2013 What\u2019s Next in the Alt Protein Industry?                        <\/a>\r\n                    <\/div>\r\n                <\/div>\r\n                        <\/div>\r\n        <\/div>\n<p>Weitere Informationen zur Praxis-Schulung am 11. November: <a href=\"https:\/\/biozyklisch-vegan.org\/moosfeld-schulung\/\" target=\"_blank\" rel=\"noopener\">biozyklisch-vegan.org\/moosfeld-schulung<\/a><\/p>\n<figure id=\"attachment_82433\" aria-describedby=\"caption-attachment-82433\" style=\"width: 1190px\" class=\"wp-caption aligncenter\"><img loading=\"lazy\" decoding=\"async\" class=\"wp-image-82433 size-full\" src=\"https:\/\/dev.vegconom.de\/germany\/wp-content\/uploads\/sites\/2\/WEB__DE_Biozyklisch-veganer_Anbau_green_mint-background_-3.png\" alt=\"f\u00f6rderkreis biozyklisch veganer anbau\" width=\"1200\" height=\"800\" srcset=\"https:\/\/dev.vegconom.de\/germany\/wp-content\/uploads\/sites\/2\/WEB__DE_Biozyklisch-veganer_Anbau_green_mint-background_-3.png 1200w, https:\/\/dev.vegconom.de\/germany\/wp-content\/uploads\/sites\/2\/WEB__DE_Biozyklisch-veganer_Anbau_green_mint-background_-3-300x200.png 300w, https:\/\/dev.vegconom.de\/germany\/wp-content\/uploads\/sites\/2\/WEB__DE_Biozyklisch-veganer_Anbau_green_mint-background_-3-1024x683.png 1024w, https:\/\/dev.vegconom.de\/germany\/wp-content\/uploads\/sites\/2\/WEB__DE_Biozyklisch-veganer_Anbau_green_mint-background_-3-150x100.png 150w, https:\/\/dev.vegconom.de\/germany\/wp-content\/uploads\/sites\/2\/WEB__DE_Biozyklisch-veganer_Anbau_green_mint-background_-3-768x512.png 768w\" sizes=\"auto, (max-width: 1200px) 100vw, 1200px\" \/><figcaption id=\"caption-attachment-82433\" class=\"wp-caption-text\">\u00a9 Adolf-Hoops-Gesellschaft mbH<\/figcaption><\/figure>\n<h2><strong>Weltern\u00e4hrung vegan und bio \u2013 eine Utopie? \u00a0<\/strong><\/h2>\n<p>Die gleichbetitelte Online-Veranstaltung im Rahmen des Forums Biozyklisch-Veganer Anbau, das am 28. August 2024 stattfand, hatte vegane Landbewirtschaftungsformen und ihre m\u00f6glichen Auswirkungen auf Fl\u00e4cheneffizienz, Ern\u00e4hrungssicherheit und Klima zum Thema. Mit dabei waren zwei Experten vom Forschungsinstitut f\u00fcr biologischen Landbau (FiBL), Dr. Adrian M\u00fcller und Mag. Martin Schlatzer.<\/p>\n<p><iframe loading=\"lazy\" title=\"Weltern\u00e4hrung bio und vegan \u2013 eine Utopie?\" width=\"1200\" height=\"675\" src=\"https:\/\/www.youtube.com\/embed\/KDNiZkOqLgU?feature=oembed\" frameborder=\"0\" allow=\"accelerometer; autoplay; clipboard-write; encrypted-media; gyroscope; picture-in-picture; web-share\" referrerpolicy=\"strict-origin-when-cross-origin\" allowfullscreen><\/iframe><\/p>\n<\/div>\n<\/div>\n<\/div>\n<\/div>\n<\/div>\n<\/section>\n<div class=\"vegco-after-content\" id=\"vegco-3970467557\"><hr>\r\n<p style=\"background-color: #e0e0e0; padding: 15px;\">Unsere Betriebskosten steigen, die Erl\u00f6se stagnieren. Wenn Sie unsere Inhalte sch\u00e4tzen, k\u00f6nnen Sie unsere Arbeit mit einem vegconomist+ Unterst\u00fctzer-Abo f\u00f6rdern. Planbare Eink\u00fcnfte stellen sicher, dass wir unsere Produkte weiterhin unabh\u00e4ngig, reichweitenstark und kostenfrei zur Verf\u00fcgung stellen k\u00f6nnen.\r\n<br>\r\n<a href=\"https:\/\/dev.vegconom.de\/germany\/vegconomist-plus\/\">>>> Jetzt unterst\u00fctzen<\/a><\/p><\/div>","protected":false},"excerpt":{"rendered":"<p>Der F\u00f6rderkreis Biozyklisch-Veganer Anbau e. V. l\u00e4dt interessierte Landwirtinnen und Landwirte zu einer ganzt\u00e4gigen Praxis-Schulung 11. November am Bodensee am 2024 ein. Die Praxis-Schulung startet mit der Besichtigung der Moosfeld Gem\u00fcse GmbH mit Betriebsleiter Jakob Mannherz. Der Betrieb setzt erfolgreich unterschiedliche biozyklisch-vegane D\u00fcngestrategien um und nutzt vielf\u00e4ltige Vermarktungswege. Nach der ausf\u00fchrlichen Betriebsf\u00fchrung und einem gemeinsamen Mittagessen in Radolfzell wird die Schulung im Seminarraum im ehemaligen Milchwerk von Radolfzell fortgesetzt. Dabei &#8230; <\/p>\n<p class=\"read-more-container\"><a title=\"update Business Webtalk Teil 7: Reflecting on 2024 and Future Prospects \u2013 What\u2019s Next in the Alt Protein Industry?\" class=\"read-more button\" href=\"https:\/\/dev.vegconom.de\/germany\/marketing-und-medien\/update-business-webtalk-teil-7\/#more-120253\" aria-label=\"Mehr Informationen \u00fcber update Business Webtalk Teil 7: Reflecting on 2024 and Future Prospects \u2013 What\u2019s Next in the Alt Protein Industry?\">mehr<\/a><\/p>\n","protected":false},"author":6,"featured_media":119498,"comment_status":"closed","ping_status":"closed","sticky":false,"template":"","format":"standard","meta":{"_mo_disable_npp":"","ngg_post_thumbnail":0,"footnotes":""},"categories":[137,50971,80],"tags":[17913,57602,17916,2193],"unternehmen":[17912],"regional":[7963],"technicaltags":[],"class_list":["post-119366","post","type-post","status-publish","format-standard","has-post-thumbnail","hentry","category-messen-und-events","category-agrarwirtschaft","category-food-and-beverage","tag-biozyklisch","tag-landwirte","tag-seminar","tag-zertifizierung","unternehmen-foerderkreis-biozyklisch-veganer-anbau","regional-deutschland","infinite-scroll-item"],"_links":{"self":[{"href":"https:\/\/dev.vegconom.de\/germany\/wp-json\/wp\/v2\/posts\/119366","targetHints":{"allow":["GET"]}}],"collection":[{"href":"https:\/\/dev.vegconom.de\/germany\/wp-json\/wp\/v2\/posts"}],"about":[{"href":"https:\/\/dev.vegconom.de\/germany\/wp-json\/wp\/v2\/types\/post"}],"author":[{"embeddable":true,"href":"https:\/\/dev.vegconom.de\/germany\/wp-json\/wp\/v2\/users\/6"}],"replies":[{"embeddable":true,"href":"https:\/\/dev.vegconom.de\/germany\/wp-json\/wp\/v2\/comments?post=119366"}],"version-history":[{"count":5,"href":"https:\/\/dev.vegconom.de\/germany\/wp-json\/wp\/v2\/posts\/119366\/revisions"}],"predecessor-version":[{"id":119501,"href":"https:\/\/dev.vegconom.de\/germany\/wp-json\/wp\/v2\/posts\/119366\/revisions\/119501"}],"wp:featuredmedia":[{"embeddable":true,"href":"https:\/\/dev.vegconom.de\/germany\/wp-json\/wp\/v2\/media\/119498"}],"wp:attachment":[{"href":"https:\/\/dev.vegconom.de\/germany\/wp-json\/wp\/v2\/media?parent=119366"}],"wp:term":[{"taxonomy":"category","embeddable":true,"href":"https:\/\/dev.vegconom.de\/germany\/wp-json\/wp\/v2\/categories?post=119366"},{"taxonomy":"post_tag","embeddable":true,"href":"https:\/\/dev.vegconom.de\/germany\/wp-json\/wp\/v2\/tags?post=119366"},{"taxonomy":"unternehmen","embeddable":true,"href":"https:\/\/dev.vegconom.de\/germany\/wp-json\/wp\/v2\/unternehmen?post=119366"},{"taxonomy":"regional","embeddable":true,"href":"https:\/\/dev.vegconom.de\/germany\/wp-json\/wp\/v2\/regional?post=119366"},{"taxonomy":"technicaltags","embeddable":true,"href":"https:\/\/dev.vegconom.de\/germany\/wp-json\/wp\/v2\/technicaltags?post=119366"}],"curies":[{"name":"wp","href":"https:\/\/api.w.org\/{rel}","templated":true}]}}